{"id":30964,"date":"2025-10-24T15:53:00","date_gmt":"2025-10-24T14:53:00","guid":{"rendered":"https:\/\/www.kantersanimalhealth.com\/non-classifiee\/cout-de-lensilage-sec-pour-le-lait\/"},"modified":"2025-10-24T15:53:02","modified_gmt":"2025-10-24T14:53:02","slug":"cout-de-lensilage-sec-pour-le-lait","status":"publish","type":"post","link":"https:\/\/www.kantersanimalhealth.com\/fr\/recherche\/cout-de-lensilage-sec-pour-le-lait\/","title":{"rendered":"Co\u00fbt de l&rsquo;ensilage sec pour le lait"},"content":{"rendered":"\t\t<div data-elementor-type=\"wp-post\" data-elementor-id=\"30964\" class=\"elementor elementor-30964 elementor-8754\" data-elementor-post-type=\"post\">\n\t\t\t\t\t\t<section class=\"elementor-section elementor-top-section elementor-element elementor-element-94b57d9 elementor-section-boxed elementor-section-height-default elementor-section-height-default\" data-id=\"94b57d9\" data-element_type=\"section\" data-e-type=\"section\">\n\t\t\t\t\t\t<div class=\"elementor-container elementor-column-gap-default\">\n\t\t\t\t\t<div class=\"elementor-column elementor-col-100 elementor-top-column elementor-element elementor-element-7b1add5\" data-id=\"7b1add5\" data-element_type=\"column\" data-e-type=\"column\">\n\t\t\t<div class=\"elementor-widget-wrap elementor-element-populated\">\n\t\t\t\t\t\t<div class=\"elementor-element elementor-element-07de2c7 elementor-widget elementor-widget-text-editor\" data-id=\"07de2c7\" data-element_type=\"widget\" data-e-type=\"widget\" data-widget_type=\"text-editor.default\">\n\t\t\t\t<div class=\"elementor-widget-container\">\n\t\t\t\t\t\t\t\t\t<p>Le 13 novembre, le magazine laitier &lsquo;Melkvee&rsquo; a rapport\u00e9 : \u00ab\u00a0Haute teneur en mati\u00e8re s\u00e8che dans le ma\u00efs r\u00e9colt\u00e9 en Brabant et en Achterhoek\u00a0\u00bb. En moyenne, il faisait 40,3\u02daC en Brabant et 41\u02daC en Achterhoek. Cela inclut de nombreux ensilages qui chauffent facilement au point de coupe entre les alimentations en raison de la chaleur.<\/p>\t\t\t\t\t\t\t\t<\/div>\n\t\t\t\t<\/div>\n\t\t\t\t<div class=\"elementor-element elementor-element-94b3907 elementor-widget elementor-widget-heading\" data-id=\"94b3907\" data-element_type=\"widget\" data-e-type=\"widget\" data-widget_type=\"heading.default\">\n\t\t\t\t<div class=\"elementor-widget-container\">\n\t\t\t\t\t<h2 class=\"elementor-heading-title elementor-size-default\">Recherche HAS Den Bosch\n<\/h2>\t\t\t\t<\/div>\n\t\t\t\t<\/div>\n\t\t\t\t<section class=\"elementor-section elementor-inner-section elementor-element elementor-element-1188551 elementor-section-boxed elementor-section-height-default elementor-section-height-default\" data-id=\"1188551\" data-element_type=\"section\" data-e-type=\"section\">\n\t\t\t\t\t\t<div class=\"elementor-container elementor-column-gap-default\">\n\t\t\t\t\t<div class=\"elementor-column elementor-col-50 elementor-inner-column elementor-element elementor-element-77d49ec\" data-id=\"77d49ec\" data-element_type=\"column\" data-e-type=\"column\">\n\t\t\t<div class=\"elementor-widget-wrap elementor-element-populated\">\n\t\t\t\t\t\t<div class=\"elementor-element elementor-element-fd01d23 elementor-widget elementor-widget-text-editor\" data-id=\"fd01d23\" data-element_type=\"widget\" data-e-type=\"widget\" data-widget_type=\"text-editor.default\">\n\t\t\t\t<div class=\"elementor-widget-container\">\n\t\t\t\t\t\t\t\t\t<p>En 2016, Kanters a acquis de l&rsquo;exp\u00e9rience \u00e0 ce sujet gr\u00e2ce \u00e0 un projet de recherche en collaboration avec HAS Den Bosch. Dans une ferme avec 2 robots de traite, nous avons pu comparer 2 groupes de vaches, divis\u00e9s au hasard, car les num\u00e9ros pairs formaient un groupe et les num\u00e9ros impairs formaient l&rsquo;autre groupe. Pour le groupe test, 1,5 L de Nutripreserve Basic, un retardateur de chaleur \u00e0 base d&rsquo;acide formique, a \u00e9t\u00e9 ajout\u00e9 au m\u00e9langeur. Le groupe t\u00e9moin n&rsquo;a re\u00e7u aucun retardateur de chaleur dans ses rations. La p\u00e9riode d&rsquo;essai a dur\u00e9 d&rsquo;octobre jusqu&rsquo;au tournant de l&rsquo;ann\u00e9e, soit 11 semaines. La temp\u00e9rature ambiante moyenne \u00e9tait de 8\u02daC. Assez froid et pas une temp\u00e9rature \u00e0 laquelle on voudrait manger. Assez froid et pas une temp\u00e9rature \u00e0 laquelle on s&rsquo;attendrait \u00e0 des r\u00e9sultats d&rsquo;un inhibiteur de serre.<\/p>\t\t\t\t\t\t\t\t<\/div>\n\t\t\t\t<\/div>\n\t\t\t\t\t<\/div>\n\t\t<\/div>\n\t\t\t\t<div class=\"elementor-column elementor-col-50 elementor-inner-column elementor-element elementor-element-94b7e7c\" data-id=\"94b7e7c\" data-element_type=\"column\" data-e-type=\"column\">\n\t\t\t<div class=\"elementor-widget-wrap elementor-element-populated\">\n\t\t\t\t\t\t<div class=\"elementor-element elementor-element-662b3f6 elementor-widget elementor-widget-image\" data-id=\"662b3f6\" data-element_type=\"widget\" data-e-type=\"widget\" data-widget_type=\"image.default\">\n\t\t\t\t<div class=\"elementor-widget-container\">\n\t\t\t\t\t\t\t\t\t\t\t\t\t\t\t<img fetchpriority=\"high\" decoding=\"async\" width=\"800\" height=\"534\" src=\"https:\/\/www.kantersanimalhealth.com\/wp-content\/uploads\/2021\/12\/kanters-65-1024x683.jpg\" class=\"attachment-large size-large wp-image-19899\" alt=\"\" srcset=\"https:\/\/www.kantersanimalhealth.com\/wp-content\/uploads\/2021\/12\/kanters-65-1024x683.jpg 1024w, https:\/\/www.kantersanimalhealth.com\/wp-content\/uploads\/2021\/12\/kanters-65-370x247.jpg 370w, https:\/\/www.kantersanimalhealth.com\/wp-content\/uploads\/2021\/12\/kanters-65-768x512.jpg 768w, https:\/\/www.kantersanimalhealth.com\/wp-content\/uploads\/2021\/12\/kanters-65-1536x1024.jpg 1536w, https:\/\/www.kantersanimalhealth.com\/wp-content\/uploads\/2021\/12\/kanters-65-2048x1365.jpg 2048w\" sizes=\"(max-width: 800px) 100vw, 800px\" \/>\t\t\t\t\t\t\t\t\t\t\t\t\t\t\t<\/div>\n\t\t\t\t<\/div>\n\t\t\t\t\t<\/div>\n\t\t<\/div>\n\t\t\t\t\t<\/div>\n\t\t<\/section>\n\t\t\t\t<div class=\"elementor-element elementor-element-f5ffd27 elementor-widget elementor-widget-heading\" data-id=\"f5ffd27\" data-element_type=\"widget\" data-e-type=\"widget\" data-widget_type=\"heading.default\">\n\t\t\t\t<div class=\"elementor-widget-container\">\n\t\t\t\t\t<h3 class=\"elementor-heading-title elementor-size-default\">R\u00e9sultats\n<\/h3>\t\t\t\t<\/div>\n\t\t\t\t<\/div>\n\t\t\t\t<div class=\"elementor-element elementor-element-b29f6cb elementor-widget elementor-widget-text-editor\" data-id=\"b29f6cb\" data-element_type=\"widget\" data-e-type=\"widget\" data-widget_type=\"text-editor.default\">\n\t\t\t\t<div class=\"elementor-widget-container\">\n\t\t\t\t\t\t\t\t\t<p>Au cours de la p\u00e9riode, la temp\u00e9rature de la surface coup\u00e9e de l&rsquo;ensilage a \u00e9t\u00e9 mesur\u00e9e chaque semaine \u00e0 8 points \u00e0 environ 15 cm de profondeur. Tant l&rsquo;ensilage d&rsquo;herbe r\u00e9colt\u00e9 la m\u00eame ann\u00e9e que l&rsquo;ensilage de ma\u00efs r\u00e9colt\u00e9 en septembre de cette ann\u00e9e sont rest\u00e9s chauds pendant toute la p\u00e9riode. L&rsquo;ensilage d&rsquo;herbe avait une temp\u00e9rature moyenne de 25,4\u02daC sur tous les points ! L&rsquo;ensilage de ma\u00efs pr\u00e9sentait une image similaire. Moyennant 24\u02daC sur toute la p\u00e9riode. Bien que plus en baisse que l&rsquo;ensilage d&rsquo;herbe, lors de la derni\u00e8re semaine de mesure, il \u00e9tait encore de 19,9\u02daC, \u00e0 une temp\u00e9rature ambiante de 5,4\u02daC.<\/p><p>Les deux ensilages \u00e9taient secs >40% MS. Les silos d&rsquo;ensilage plus humides qui se sont stabilis\u00e9s montrent une temp\u00e9rature d&rsquo;environ 13-16\u02daC.<\/p>\t\t\t\t\t\t\t\t<\/div>\n\t\t\t\t<\/div>\n\t\t\t\t<div class=\"elementor-element elementor-element-ac339e2 elementor-widget elementor-widget-image\" data-id=\"ac339e2\" data-element_type=\"widget\" data-e-type=\"widget\" data-widget_type=\"image.default\">\n\t\t\t\t<div class=\"elementor-widget-container\">\n\t\t\t\t\t\t\t\t\t\t\t\t\t\t\t<img decoding=\"async\" width=\"278\" height=\"370\" src=\"https:\/\/www.kantersanimalhealth.com\/wp-content\/uploads\/2021\/12\/image4-278x370.jpg\" class=\"attachment-medium size-medium wp-image-19897\" alt=\"\" srcset=\"https:\/\/www.kantersanimalhealth.com\/wp-content\/uploads\/2021\/12\/image4-278x370.jpg 278w, https:\/\/www.kantersanimalhealth.com\/wp-content\/uploads\/2021\/12\/image4.jpg 640w\" sizes=\"(max-width: 278px) 100vw, 278px\" \/>\t\t\t\t\t\t\t\t\t\t\t\t\t\t\t<\/div>\n\t\t\t\t<\/div>\n\t\t\t\t<div class=\"elementor-element elementor-element-6521e10 elementor-widget elementor-widget-heading\" data-id=\"6521e10\" data-element_type=\"widget\" data-e-type=\"widget\" data-widget_type=\"heading.default\">\n\t\t\t\t<div class=\"elementor-widget-container\">\n\t\t\t\t\t<h4 class=\"elementor-heading-title elementor-size-default\">Mesures hebdomadaires\n<\/h4>\t\t\t\t<\/div>\n\t\t\t\t<\/div>\n\t\t\t\t<div class=\"elementor-element elementor-element-6b7c6d8 elementor-widget elementor-widget-text-editor\" data-id=\"6b7c6d8\" data-element_type=\"widget\" data-e-type=\"widget\" data-widget_type=\"text-editor.default\">\n\t\t\t\t<div class=\"elementor-widget-container\">\n\t\t\t\t\t\t\t\t\t<p>Au cours de la p\u00e9riode d&rsquo;essai, nous n&rsquo;avons pas imm\u00e9diatement vu de r\u00e9sultat. Bien s\u00fbr que non, car les vaches \u00e0 lait anciennes deviennent des vaches s\u00e8ches et les vaches v\u00ealent, ce qui les fait entrer dans l&rsquo;un des deux groupes en tant que vaches nouvellement traites. Par cons\u00e9quent, nous avons seulement analys\u00e9 les donn\u00e9es de production des vaches qui \u00e9taient dans l&rsquo;un des deux groupes pendant toute la p\u00e9riode d&rsquo;essai.<\/p><p>Le r\u00e9sultat a \u00e9t\u00e9 \u00e9tonnamment positif. La production diminue avec l&rsquo;augmentation des jours de lactation, mais le groupe exp\u00e9rimental, qui a re\u00e7u Nutripreserve Basic dans sa ration, a diminu\u00e9 en moyenne de 0,9 kg de lait par jour avec des contenus am\u00e9lior\u00e9s. Alors que les contenus diminuaient l\u00e9g\u00e8rement dans le groupe t\u00e9moin, ils augmentaient dans le groupe exp\u00e9rimental, entra\u00eenant une diff\u00e9rence en faveur du groupe exp\u00e9rimental : Prot\u00e9ines +0,13% et Graisse +0,24%.<\/p>\t\t\t\t\t\t\t\t<\/div>\n\t\t\t\t<\/div>\n\t\t\t\t<div class=\"elementor-element elementor-element-665ee3a elementor-widget elementor-widget-heading\" data-id=\"665ee3a\" data-element_type=\"widget\" data-e-type=\"widget\" data-widget_type=\"heading.default\">\n\t\t\t\t<div class=\"elementor-widget-container\">\n\t\t\t\t\t<h4 class=\"elementor-heading-title elementor-size-default\">R\u00e9sultats \u00e9conomiques\n<\/h4>\t\t\t\t<\/div>\n\t\t\t\t<\/div>\n\t\t\t\t<div class=\"elementor-element elementor-element-aa4f505 elementor-widget elementor-widget-text-editor\" data-id=\"aa4f505\" data-element_type=\"widget\" data-e-type=\"widget\" data-widget_type=\"text-editor.default\">\n\t\t\t\t<div class=\"elementor-widget-container\">\n\t\t\t\t\t\t\t\t\t<p>Production de lait suppl\u00e9mentaire par 100 t\u00eates (\u00e0 34 \u20ac par 100 kg)\u00a0 \u00a0 \u00a0 \u00a0 \u00a0 \u00a0 \u00a0 \u00a0 \u00a0 \u00a0 \u00a0 \u00a0 \u00a0 \u00a0 \u00a0 \u00a0 \u00a0 <strong>\u00a0 \u00a0 \u00a0 \u00a0 \u00a030,60 \u20ac\/jour<\/strong><br \/>Nutripreserve Basic co\u00fbte par 100 t\u00eates (4000 kg de fourrage)\u00a0 \u00a0 \u00a0 \u00a0 \u00a0 \u00a0 \u00a0 <strong>\u00a010,80 \u20ac\/jour<\/strong><br \/>Solde positif par 100 t\u00eates\u00a0 \u00a0 \u00a0 \u00a0 \u00a0 \u00a0 \u00a0 \u00a0 \u00a0 \u00a0 \u00a0 \u00a0 \u00a0 \u00a0 \u00a0 \u00a0 \u00a0 \u00a0 \u00a0 \u00a0 \u00a0 \u00a0 \u00a0 \u00a0 \u00a0 \u00a0 \u00a0 \u00a0 \u00a0 \u00a0 \u00a0 \u00a0 \u00a0 \u00a0 \u00a0 \u00a0 \u00a0 \u00a0 \u00a0 \u00a0<strong> \u00a0 19,80 \u20ac\/jour<\/strong><\/p>\t\t\t\t\t\t\t\t<\/div>\n\t\t\t\t<\/div>\n\t\t\t\t<div class=\"elementor-element elementor-element-458751d elementor-widget elementor-widget-text-editor\" data-id=\"458751d\" data-element_type=\"widget\" data-e-type=\"widget\" data-widget_type=\"text-editor.default\">\n\t\t\t\t<div class=\"elementor-widget-container\">\n\t\t\t\t\t\t\t\t\t<p>En raison de l&rsquo;\u00e9t\u00e9 sec avec souvent de l&rsquo;ensilage d&rsquo;herbe sec et des derni\u00e8res nouvelles concernant l&rsquo;ensilage de ma\u00efs sec, ces r\u00e9sultats peuvent tr\u00e8s bien s&rsquo;appliquer \u00e0 votre ferme.<\/p>\t\t\t\t\t\t\t\t<\/div>\n\t\t\t\t<\/div>\n\t\t\t\t\t<\/div>\n\t\t<\/div>\n\t\t\t\t\t<\/div>\n\t\t<\/section>\n\t\t\t\t<\/div>\n\t\t","protected":false},"excerpt":{"rendered":"<p>Le 13 novembre, le magazine laitier &lsquo;Melkvee&rsquo; a rapport\u00e9 : \u00ab\u00a0Haute teneur en mati\u00e8re s\u00e8che dans le ma\u00efs r\u00e9colt\u00e9 en Brabant et en Achterhoek\u00a0\u00bb. En moyenne, il faisait 40,3\u02daC en Brabant et 41\u02daC en Achterhoek. Cela inclut de nombreux ensilages qui chauffent facilement au point de coupe entre les alimentations en raison de la chaleur. [&hellip;]<\/p>\n","protected":false},"author":14,"featured_media":19901,"comment_status":"open","ping_status":"open","sticky":false,"template":"","format":"standard","meta":{"footnotes":""},"categories":[352],"tags":[346,363,365,350],"class_list":["post-30964","post","type-post","status-publish","format-standard","has-post-thumbnail","hentry","category-recherche","tag-melk-fr","tag-nutripreserve-fr","tag-nutripreserve-basic-fr","tag-rundvee-fr"],"yoast_head":"<!-- This site is optimized with the Yoast SEO plugin v27.2 - https:\/\/yoast.com\/product\/yoast-seo-wordpress\/ -->\n<title>Co\u00fbt de l&#039;ensilage sec pour le lait - Kanters<\/title>\n<meta name=\"description\" content=\"Les ensilages secs sont d\u00e9sastreux pour le rendement laitier. Kanters a d\u00e9velopp\u00e9 Nutripreserve Basic pour prot\u00e9ger l&#039;ensilage. Cliquez ici pour plus d&#039;infos.\" \/>\n<meta name=\"robots\" content=\"index, follow, max-snippet:-1, max-image-preview:large, max-video-preview:-1\" \/>\n<link rel=\"canonical\" href=\"https:\/\/www.kantersanimalhealth.com\/fr\/recherche\/cout-de-lensilage-sec-pour-le-lait\/\" \/>\n<meta property=\"og:locale\" content=\"fr_FR\" \/>\n<meta property=\"og:type\" content=\"article\" \/>\n<meta property=\"og:title\" content=\"Co\u00fbt de l&#039;ensilage sec pour le lait - Kanters\" \/>\n<meta property=\"og:description\" content=\"Les ensilages secs sont d\u00e9sastreux pour le rendement laitier. Kanters a d\u00e9velopp\u00e9 Nutripreserve Basic pour prot\u00e9ger l&#039;ensilage. Cliquez ici pour plus d&#039;infos.\" \/>\n<meta property=\"og:url\" content=\"https:\/\/www.kantersanimalhealth.com\/fr\/recherche\/cout-de-lensilage-sec-pour-le-lait\/\" \/>\n<meta property=\"og:site_name\" content=\"Kanters\" \/>\n<meta property=\"article:publisher\" content=\"https:\/\/www.facebook.com\/FlavourFamily\" \/>\n<meta property=\"article:published_time\" content=\"2025-10-24T14:53:00+00:00\" \/>\n<meta property=\"article:modified_time\" content=\"2025-10-24T14:53:02+00:00\" \/>\n<meta property=\"og:image\" content=\"https:\/\/www.kantersanimalhealth.com\/wp-content\/uploads\/2021\/12\/kanters-61-scaled.jpg\" \/>\n\t<meta property=\"og:image:width\" content=\"1706\" \/>\n\t<meta property=\"og:image:height\" content=\"2560\" \/>\n\t<meta property=\"og:image:type\" content=\"image\/jpeg\" \/>\n<meta name=\"author\" content=\"EricaKANTERS\" \/>\n<meta name=\"twitter:card\" content=\"summary_large_image\" \/>\n<meta name=\"twitter:label1\" content=\"\u00c9crit par\" \/>\n\t<meta name=\"twitter:data1\" content=\"EricaKANTERS\" \/>\n\t<meta name=\"twitter:label2\" content=\"Dur\u00e9e de lecture estim\u00e9e\" \/>\n\t<meta name=\"twitter:data2\" content=\"3 minutes\" \/>\n<script type=\"application\/ld+json\" class=\"yoast-schema-graph\">{\"@context\":\"https:\/\/schema.org\",\"@graph\":[{\"@type\":\"Article\",\"@id\":\"https:\/\/www.kantersanimalhealth.com\/fr\/recherche\/cout-de-lensilage-sec-pour-le-lait\/#article\",\"isPartOf\":{\"@id\":\"https:\/\/www.kantersanimalhealth.com\/fr\/recherche\/cout-de-lensilage-sec-pour-le-lait\/\"},\"author\":{\"name\":\"EricaKANTERS\",\"@id\":\"https:\/\/www.kantersanimalhealth.com\/fr\/#\/schema\/person\/97c85e91958cb136171ca8acdd643834\"},\"headline\":\"Co\u00fbt de l&rsquo;ensilage sec pour le lait\",\"datePublished\":\"2025-10-24T14:53:00+00:00\",\"dateModified\":\"2025-10-24T14:53:02+00:00\",\"mainEntityOfPage\":{\"@id\":\"https:\/\/www.kantersanimalhealth.com\/fr\/recherche\/cout-de-lensilage-sec-pour-le-lait\/\"},\"wordCount\":607,\"commentCount\":0,\"publisher\":{\"@id\":\"https:\/\/www.kantersanimalhealth.com\/fr\/#organization\"},\"image\":{\"@id\":\"https:\/\/www.kantersanimalhealth.com\/fr\/recherche\/cout-de-lensilage-sec-pour-le-lait\/#primaryimage\"},\"thumbnailUrl\":\"https:\/\/www.kantersanimalhealth.com\/wp-content\/uploads\/2021\/12\/kanters-61-scaled.jpg\",\"keywords\":[\"melk\",\"Nutripreserve\",\"Nutripreserve basic\",\"rundvee\"],\"articleSection\":[\"Recherche\"],\"inLanguage\":\"fr-FR\",\"potentialAction\":[{\"@type\":\"CommentAction\",\"name\":\"Comment\",\"target\":[\"https:\/\/www.kantersanimalhealth.com\/fr\/recherche\/cout-de-lensilage-sec-pour-le-lait\/#respond\"]}]},{\"@type\":\"WebPage\",\"@id\":\"https:\/\/www.kantersanimalhealth.com\/fr\/recherche\/cout-de-lensilage-sec-pour-le-lait\/\",\"url\":\"https:\/\/www.kantersanimalhealth.com\/fr\/recherche\/cout-de-lensilage-sec-pour-le-lait\/\",\"name\":\"Co\u00fbt de l'ensilage sec pour le lait - Kanters\",\"isPartOf\":{\"@id\":\"https:\/\/www.kantersanimalhealth.com\/fr\/#website\"},\"primaryImageOfPage\":{\"@id\":\"https:\/\/www.kantersanimalhealth.com\/fr\/recherche\/cout-de-lensilage-sec-pour-le-lait\/#primaryimage\"},\"image\":{\"@id\":\"https:\/\/www.kantersanimalhealth.com\/fr\/recherche\/cout-de-lensilage-sec-pour-le-lait\/#primaryimage\"},\"thumbnailUrl\":\"https:\/\/www.kantersanimalhealth.com\/wp-content\/uploads\/2021\/12\/kanters-61-scaled.jpg\",\"datePublished\":\"2025-10-24T14:53:00+00:00\",\"dateModified\":\"2025-10-24T14:53:02+00:00\",\"description\":\"Les ensilages secs sont d\u00e9sastreux pour le rendement laitier. Kanters a d\u00e9velopp\u00e9 Nutripreserve Basic pour prot\u00e9ger l'ensilage. Cliquez ici pour plus d'infos.\",\"breadcrumb\":{\"@id\":\"https:\/\/www.kantersanimalhealth.com\/fr\/recherche\/cout-de-lensilage-sec-pour-le-lait\/#breadcrumb\"},\"inLanguage\":\"fr-FR\",\"potentialAction\":[{\"@type\":\"ReadAction\",\"target\":[\"https:\/\/www.kantersanimalhealth.com\/fr\/recherche\/cout-de-lensilage-sec-pour-le-lait\/\"]}]},{\"@type\":\"ImageObject\",\"inLanguage\":\"fr-FR\",\"@id\":\"https:\/\/www.kantersanimalhealth.com\/fr\/recherche\/cout-de-lensilage-sec-pour-le-lait\/#primaryimage\",\"url\":\"https:\/\/www.kantersanimalhealth.com\/wp-content\/uploads\/2021\/12\/kanters-61-scaled.jpg\",\"contentUrl\":\"https:\/\/www.kantersanimalhealth.com\/wp-content\/uploads\/2021\/12\/kanters-61-scaled.jpg\",\"width\":1706,\"height\":2560},{\"@type\":\"BreadcrumbList\",\"@id\":\"https:\/\/www.kantersanimalhealth.com\/fr\/recherche\/cout-de-lensilage-sec-pour-le-lait\/#breadcrumb\",\"itemListElement\":[{\"@type\":\"ListItem\",\"position\":1,\"name\":\"Home\",\"item\":\"https:\/\/www.kantersanimalhealth.com\/fr\/\"},{\"@type\":\"ListItem\",\"position\":2,\"name\":\"Non classifi\u00e9(e)\",\"item\":\"https:\/\/www.kantersanimalhealth.com\/fr\/category\/non-classifiee\/\"},{\"@type\":\"ListItem\",\"position\":3,\"name\":\"Co\u00fbt de l&#8217;ensilage sec pour le lait\"}]},{\"@type\":\"WebSite\",\"@id\":\"https:\/\/www.kantersanimalhealth.com\/fr\/#website\",\"url\":\"https:\/\/www.kantersanimalhealth.com\/fr\/\",\"name\":\"Kanters\",\"description\":\"Special Products B.V.\",\"publisher\":{\"@id\":\"https:\/\/www.kantersanimalhealth.com\/fr\/#organization\"},\"potentialAction\":[{\"@type\":\"SearchAction\",\"target\":{\"@type\":\"EntryPoint\",\"urlTemplate\":\"https:\/\/www.kantersanimalhealth.com\/fr\/?s={search_term_string}\"},\"query-input\":{\"@type\":\"PropertyValueSpecification\",\"valueRequired\":true,\"valueName\":\"search_term_string\"}}],\"inLanguage\":\"fr-FR\"},{\"@type\":\"Organization\",\"@id\":\"https:\/\/www.kantersanimalhealth.com\/fr\/#organization\",\"name\":\"Flavour Family\",\"url\":\"https:\/\/www.kantersanimalhealth.com\/fr\/\",\"logo\":{\"@type\":\"ImageObject\",\"inLanguage\":\"fr-FR\",\"@id\":\"https:\/\/www.kantersanimalhealth.com\/fr\/#\/schema\/logo\/image\/\",\"url\":\"\",\"contentUrl\":\"\",\"caption\":\"Flavour Family\"},\"image\":{\"@id\":\"https:\/\/www.kantersanimalhealth.com\/fr\/#\/schema\/logo\/image\/\"},\"sameAs\":[\"https:\/\/www.facebook.com\/FlavourFamily\"]},{\"@type\":\"Person\",\"@id\":\"https:\/\/www.kantersanimalhealth.com\/fr\/#\/schema\/person\/97c85e91958cb136171ca8acdd643834\",\"name\":\"EricaKANTERS\",\"image\":{\"@type\":\"ImageObject\",\"inLanguage\":\"fr-FR\",\"@id\":\"https:\/\/secure.gravatar.com\/avatar\/ca743b9a84c9eff7b43ca1f33fe87a2edc340ba3310020753ae178f0eaf13777?s=96&d=mm&r=g\",\"url\":\"https:\/\/secure.gravatar.com\/avatar\/ca743b9a84c9eff7b43ca1f33fe87a2edc340ba3310020753ae178f0eaf13777?s=96&d=mm&r=g\",\"contentUrl\":\"https:\/\/secure.gravatar.com\/avatar\/ca743b9a84c9eff7b43ca1f33fe87a2edc340ba3310020753ae178f0eaf13777?s=96&d=mm&r=g\",\"caption\":\"EricaKANTERS\"}}]}<\/script>\n<!-- \/ Yoast SEO plugin. -->","yoast_head_json":{"title":"Co\u00fbt de l'ensilage sec pour le lait - Kanters","description":"Les ensilages secs sont d\u00e9sastreux pour le rendement laitier. Kanters a d\u00e9velopp\u00e9 Nutripreserve Basic pour prot\u00e9ger l'ensilage. Cliquez ici pour plus d'infos.","robots":{"index":"index","follow":"follow","max-snippet":"max-snippet:-1","max-image-preview":"max-image-preview:large","max-video-preview":"max-video-preview:-1"},"canonical":"https:\/\/www.kantersanimalhealth.com\/fr\/recherche\/cout-de-lensilage-sec-pour-le-lait\/","og_locale":"fr_FR","og_type":"article","og_title":"Co\u00fbt de l'ensilage sec pour le lait - Kanters","og_description":"Les ensilages secs sont d\u00e9sastreux pour le rendement laitier. Kanters a d\u00e9velopp\u00e9 Nutripreserve Basic pour prot\u00e9ger l'ensilage. Cliquez ici pour plus d'infos.","og_url":"https:\/\/www.kantersanimalhealth.com\/fr\/recherche\/cout-de-lensilage-sec-pour-le-lait\/","og_site_name":"Kanters","article_publisher":"https:\/\/www.facebook.com\/FlavourFamily","article_published_time":"2025-10-24T14:53:00+00:00","article_modified_time":"2025-10-24T14:53:02+00:00","og_image":[{"width":1706,"height":2560,"url":"https:\/\/www.kantersanimalhealth.com\/wp-content\/uploads\/2021\/12\/kanters-61-scaled.jpg","type":"image\/jpeg"}],"author":"EricaKANTERS","twitter_card":"summary_large_image","twitter_misc":{"\u00c9crit par":"EricaKANTERS","Dur\u00e9e de lecture estim\u00e9e":"3 minutes"},"schema":{"@context":"https:\/\/schema.org","@graph":[{"@type":"Article","@id":"https:\/\/www.kantersanimalhealth.com\/fr\/recherche\/cout-de-lensilage-sec-pour-le-lait\/#article","isPartOf":{"@id":"https:\/\/www.kantersanimalhealth.com\/fr\/recherche\/cout-de-lensilage-sec-pour-le-lait\/"},"author":{"name":"EricaKANTERS","@id":"https:\/\/www.kantersanimalhealth.com\/fr\/#\/schema\/person\/97c85e91958cb136171ca8acdd643834"},"headline":"Co\u00fbt de l&rsquo;ensilage sec pour le lait","datePublished":"2025-10-24T14:53:00+00:00","dateModified":"2025-10-24T14:53:02+00:00","mainEntityOfPage":{"@id":"https:\/\/www.kantersanimalhealth.com\/fr\/recherche\/cout-de-lensilage-sec-pour-le-lait\/"},"wordCount":607,"commentCount":0,"publisher":{"@id":"https:\/\/www.kantersanimalhealth.com\/fr\/#organization"},"image":{"@id":"https:\/\/www.kantersanimalhealth.com\/fr\/recherche\/cout-de-lensilage-sec-pour-le-lait\/#primaryimage"},"thumbnailUrl":"https:\/\/www.kantersanimalhealth.com\/wp-content\/uploads\/2021\/12\/kanters-61-scaled.jpg","keywords":["melk","Nutripreserve","Nutripreserve basic","rundvee"],"articleSection":["Recherche"],"inLanguage":"fr-FR","potentialAction":[{"@type":"CommentAction","name":"Comment","target":["https:\/\/www.kantersanimalhealth.com\/fr\/recherche\/cout-de-lensilage-sec-pour-le-lait\/#respond"]}]},{"@type":"WebPage","@id":"https:\/\/www.kantersanimalhealth.com\/fr\/recherche\/cout-de-lensilage-sec-pour-le-lait\/","url":"https:\/\/www.kantersanimalhealth.com\/fr\/recherche\/cout-de-lensilage-sec-pour-le-lait\/","name":"Co\u00fbt de l'ensilage sec pour le lait - Kanters","isPartOf":{"@id":"https:\/\/www.kantersanimalhealth.com\/fr\/#website"},"primaryImageOfPage":{"@id":"https:\/\/www.kantersanimalhealth.com\/fr\/recherche\/cout-de-lensilage-sec-pour-le-lait\/#primaryimage"},"image":{"@id":"https:\/\/www.kantersanimalhealth.com\/fr\/recherche\/cout-de-lensilage-sec-pour-le-lait\/#primaryimage"},"thumbnailUrl":"https:\/\/www.kantersanimalhealth.com\/wp-content\/uploads\/2021\/12\/kanters-61-scaled.jpg","datePublished":"2025-10-24T14:53:00+00:00","dateModified":"2025-10-24T14:53:02+00:00","description":"Les ensilages secs sont d\u00e9sastreux pour le rendement laitier. Kanters a d\u00e9velopp\u00e9 Nutripreserve Basic pour prot\u00e9ger l'ensilage. Cliquez ici pour plus d'infos.","breadcrumb":{"@id":"https:\/\/www.kantersanimalhealth.com\/fr\/recherche\/cout-de-lensilage-sec-pour-le-lait\/#breadcrumb"},"inLanguage":"fr-FR","potentialAction":[{"@type":"ReadAction","target":["https:\/\/www.kantersanimalhealth.com\/fr\/recherche\/cout-de-lensilage-sec-pour-le-lait\/"]}]},{"@type":"ImageObject","inLanguage":"fr-FR","@id":"https:\/\/www.kantersanimalhealth.com\/fr\/recherche\/cout-de-lensilage-sec-pour-le-lait\/#primaryimage","url":"https:\/\/www.kantersanimalhealth.com\/wp-content\/uploads\/2021\/12\/kanters-61-scaled.jpg","contentUrl":"https:\/\/www.kantersanimalhealth.com\/wp-content\/uploads\/2021\/12\/kanters-61-scaled.jpg","width":1706,"height":2560},{"@type":"BreadcrumbList","@id":"https:\/\/www.kantersanimalhealth.com\/fr\/recherche\/cout-de-lensilage-sec-pour-le-lait\/#breadcrumb","itemListElement":[{"@type":"ListItem","position":1,"name":"Home","item":"https:\/\/www.kantersanimalhealth.com\/fr\/"},{"@type":"ListItem","position":2,"name":"Non classifi\u00e9(e)","item":"https:\/\/www.kantersanimalhealth.com\/fr\/category\/non-classifiee\/"},{"@type":"ListItem","position":3,"name":"Co\u00fbt de l&#8217;ensilage sec pour le lait"}]},{"@type":"WebSite","@id":"https:\/\/www.kantersanimalhealth.com\/fr\/#website","url":"https:\/\/www.kantersanimalhealth.com\/fr\/","name":"Kanters","description":"Special Products B.V.","publisher":{"@id":"https:\/\/www.kantersanimalhealth.com\/fr\/#organization"},"potentialAction":[{"@type":"SearchAction","target":{"@type":"EntryPoint","urlTemplate":"https:\/\/www.kantersanimalhealth.com\/fr\/?s={search_term_string}"},"query-input":{"@type":"PropertyValueSpecification","valueRequired":true,"valueName":"search_term_string"}}],"inLanguage":"fr-FR"},{"@type":"Organization","@id":"https:\/\/www.kantersanimalhealth.com\/fr\/#organization","name":"Flavour Family","url":"https:\/\/www.kantersanimalhealth.com\/fr\/","logo":{"@type":"ImageObject","inLanguage":"fr-FR","@id":"https:\/\/www.kantersanimalhealth.com\/fr\/#\/schema\/logo\/image\/","url":"","contentUrl":"","caption":"Flavour Family"},"image":{"@id":"https:\/\/www.kantersanimalhealth.com\/fr\/#\/schema\/logo\/image\/"},"sameAs":["https:\/\/www.facebook.com\/FlavourFamily"]},{"@type":"Person","@id":"https:\/\/www.kantersanimalhealth.com\/fr\/#\/schema\/person\/97c85e91958cb136171ca8acdd643834","name":"EricaKANTERS","image":{"@type":"ImageObject","inLanguage":"fr-FR","@id":"https:\/\/secure.gravatar.com\/avatar\/ca743b9a84c9eff7b43ca1f33fe87a2edc340ba3310020753ae178f0eaf13777?s=96&d=mm&r=g","url":"https:\/\/secure.gravatar.com\/avatar\/ca743b9a84c9eff7b43ca1f33fe87a2edc340ba3310020753ae178f0eaf13777?s=96&d=mm&r=g","contentUrl":"https:\/\/secure.gravatar.com\/avatar\/ca743b9a84c9eff7b43ca1f33fe87a2edc340ba3310020753ae178f0eaf13777?s=96&d=mm&r=g","caption":"EricaKANTERS"}}]}},"_links":{"self":[{"href":"https:\/\/www.kantersanimalhealth.com\/fr\/wp-json\/wp\/v2\/posts\/30964","targetHints":{"allow":["GET"]}}],"collection":[{"href":"https:\/\/www.kantersanimalhealth.com\/fr\/wp-json\/wp\/v2\/posts"}],"about":[{"href":"https:\/\/www.kantersanimalhealth.com\/fr\/wp-json\/wp\/v2\/types\/post"}],"author":[{"embeddable":true,"href":"https:\/\/www.kantersanimalhealth.com\/fr\/wp-json\/wp\/v2\/users\/14"}],"replies":[{"embeddable":true,"href":"https:\/\/www.kantersanimalhealth.com\/fr\/wp-json\/wp\/v2\/comments?post=30964"}],"version-history":[{"count":1,"href":"https:\/\/www.kantersanimalhealth.com\/fr\/wp-json\/wp\/v2\/posts\/30964\/revisions"}],"predecessor-version":[{"id":30965,"href":"https:\/\/www.kantersanimalhealth.com\/fr\/wp-json\/wp\/v2\/posts\/30964\/revisions\/30965"}],"wp:featuredmedia":[{"embeddable":true,"href":"https:\/\/www.kantersanimalhealth.com\/fr\/wp-json\/wp\/v2\/media\/19901"}],"wp:attachment":[{"href":"https:\/\/www.kantersanimalhealth.com\/fr\/wp-json\/wp\/v2\/media?parent=30964"}],"wp:term":[{"taxonomy":"category","embeddable":true,"href":"https:\/\/www.kantersanimalhealth.com\/fr\/wp-json\/wp\/v2\/categories?post=30964"},{"taxonomy":"post_tag","embeddable":true,"href":"https:\/\/www.kantersanimalhealth.com\/fr\/wp-json\/wp\/v2\/tags?post=30964"}],"curies":[{"name":"wp","href":"https:\/\/api.w.org\/{rel}","templated":true}]}}