{"id":27252,"date":"2025-05-19T11:44:45","date_gmt":"2025-05-19T10:44:45","guid":{"rendered":"https:\/\/www.kantersanimalhealth.com\/non-classifiee\/la-maladie-de-la-langue-bleue-resilience-considerable-des-vaches\/"},"modified":"2025-10-17T09:31:56","modified_gmt":"2025-10-17T08:31:56","slug":"la-maladie-de-la-langue-bleue-resilience-considerable-des-vaches","status":"publish","type":"post","link":"https:\/\/www.kantersanimalhealth.com\/fr\/actualites\/la-maladie-de-la-langue-bleue-resilience-considerable-des-vaches\/","title":{"rendered":"La maladie de la langue bleue : r\u00e9silience consid\u00e9rable des vaches"},"content":{"rendered":"\t\t<div data-elementor-type=\"wp-post\" data-elementor-id=\"27252\" class=\"elementor elementor-27252 elementor-26866\" data-elementor-post-type=\"post\">\n\t\t\t\t<div class=\"elementor-element elementor-element-edcf4f5 e-flex e-con-boxed e-con e-parent\" data-id=\"edcf4f5\" data-element_type=\"container\" data-e-type=\"container\">\n\t\t\t\t\t<div class=\"e-con-inner\">\n\t\t\t\t<div class=\"elementor-element elementor-element-6fe7b2c elementor-widget elementor-widget-text-editor\" data-id=\"6fe7b2c\" data-element_type=\"widget\" data-e-type=\"widget\" data-widget_type=\"text-editor.default\">\n\t\t\t\t<div class=\"elementor-widget-container\">\n\t\t\t\t\t\t\t\t\t<p>Les veaux ne veulent pas boire, y compris apr\u00e8s une attention individuelle importante. La cause ? Un cervelet endommag\u00e9 ou parfois manquant d\u00fb \u00e0 la maladie de la langue bleue chez la m\u00e8re. La seule solution ? Cr\u00e9er suffisamment de r\u00e9silience chez la vache.    <\/p>\t\t\t\t\t\t\t\t<\/div>\n\t\t\t\t<\/div>\n\t\t\t\t<div class=\"elementor-element elementor-element-f8970b5 elementor-widget elementor-widget-heading\" data-id=\"f8970b5\" data-element_type=\"widget\" data-e-type=\"widget\" data-widget_type=\"heading.default\">\n\t\t\t\t<div class=\"elementor-widget-container\">\n\t\t\t\t\t<h2 class=\"elementor-heading-title elementor-size-default\">Cons\u00e9quences de la maladie de la langue bleue chez les veaux<\/h2>\t\t\t\t<\/div>\n\t\t\t\t<\/div>\n\t\t\t\t<div class=\"elementor-element elementor-element-5bb08aa elementor-widget elementor-widget-text-editor\" data-id=\"5bb08aa\" data-element_type=\"widget\" data-e-type=\"widget\" data-widget_type=\"text-editor.default\">\n\t\t\t\t<div class=\"elementor-widget-container\">\n\t\t\t\t\t\t\t\t\t<p>L&rsquo;\u00e9pid\u00e9mie de maladie de la langue bleue en septembre 2023 continue d&rsquo;avoir un impact majeur sur la sant\u00e9 des veaux et par cons\u00e9quent, sur l&rsquo;ensemble du secteur. Le mois dernier, un article int\u00e9ressant \u00e0 ce sujet a \u00e9t\u00e9 publi\u00e9 dans la revue n\u00e9erlandaise <a href=\"https:\/\/www.dekalverhouder.nl\/nieuws\/2025\/03\/20\/gevolgen-blauwtong-op-kalverbedrijven-sterk-verergerd\">De Kalverhouder<\/a>. <\/p><p>Les veaux pr\u00e9sentant des l\u00e9sions c\u00e9r\u00e9brales mangent et boivent mal, ce qui fait de l&rsquo;euthanasie l&rsquo;option la plus fr\u00e9quente. Les veaux ne peuvent pas \u00eatre trait\u00e9s ni gu\u00e9ris. Apr\u00e8s tout, le d\u00e9veloppement du cerveau des veaux se produit in utero entre la troisi\u00e8me et la huiti\u00e8me semaine. Il ne peut se poursuivre au-del\u00e0. Selon toute vraisemblance, une infection transmise par la m\u00e8re \u00e0 ce stade est la seule responsable.    <\/p>\t\t\t\t\t\t\t\t<\/div>\n\t\t\t\t<\/div>\n\t\t\t\t<div class=\"elementor-element elementor-element-46357f9 elementor-widget elementor-widget-heading\" data-id=\"46357f9\" data-element_type=\"widget\" data-e-type=\"widget\" data-widget_type=\"heading.default\">\n\t\t\t\t<div class=\"elementor-widget-container\">\n\t\t\t\t\t<h2 class=\"elementor-heading-title elementor-size-default\">Soutenir le syst\u00e8me immunitaire<\/h2>\t\t\t\t<\/div>\n\t\t\t\t<\/div>\n\t\t\t\t<div class=\"elementor-element elementor-element-b2686fe elementor-widget elementor-widget-text-editor\" data-id=\"b2686fe\" data-element_type=\"widget\" data-e-type=\"widget\" data-widget_type=\"text-editor.default\">\n\t\t\t\t<div class=\"elementor-widget-container\">\n\t\t\t\t\t\t\t\t\t<p>Ainsi, la seule solution est la pr\u00e9vention : veiller \u00e0 ce que le syst\u00e8me immunitaire de la vache soit bien renforc\u00e9 pour minimiser les cons\u00e9quences chez le veau. Ici, l&rsquo;eau potable peut avoir un r\u00f4le majeur. En effet, les vaches boivent 35 \u00e0 100 litres par jour, selon la stade de production. De plus, les animaux qui ne se sentent pas bien r\u00e9duisent souvent leur consommation alimentaire tout en conservant leur consommation d&rsquo;eau. Ce fait de l&rsquo;eau le moyen id\u00e9al pour soutenir la r\u00e9sistance des vaches avec des compl\u00e9ments alimentaires v\u00e9t\u00e9rinaires liquides.    <\/p><p>Les tests sanguins ont montr\u00e9 que l&rsquo;utilisation du compl\u00e9ment alimentaire <a href=\"https:\/\/www.kantersanimalhealth.com\/fr\/nutriforte-top-lac\/\">Nutriforte Top Lac<\/a> dans l&rsquo;eau potable am\u00e9liorait la r\u00e9sistance des vaches laiti\u00e8res. Les min\u00e9raux contenus dans Nutriforte Top Lac compl\u00e8tent le m\u00e9tabolisme et soutiennent l&rsquo;immunit\u00e9 et la r\u00e9sistance chez toutes les vaches, quel que soit leur \u00e2ge ou leur parit\u00e9. Cela offre un soutien suppl\u00e9mentaire pendant les moments critiques, mais aussi sir le plan structurel. Apr\u00e8s tout, il n&rsquo;est pas possible d&rsquo;\u00eatre par\u00e9 pour chaque moment critique.   <\/p><p>L&rsquo;administration de min\u00e9raux liquides dans l&rsquo;eau potable augmente leur absorption par l&rsquo;intestin. En outre, la biodisponibilit\u00e9 augmente \u00e9galement puisque 60 % de l&rsquo;eau potable passe par le rumen via l&rsquo;\u0153sophage. Cela permet d&rsquo;\u00e9viter les interactions qui pourraient nuire aux min\u00e9raux et \u00e0 leur digestibilit\u00e9.  <\/p>\t\t\t\t\t\t\t\t<\/div>\n\t\t\t\t<\/div>\n\t\t\t\t\t<\/div>\n\t\t\t\t<\/div>\n\t\t<div class=\"elementor-element elementor-element-f6d2e6d e-flex e-con-boxed e-con e-parent\" data-id=\"f6d2e6d\" data-element_type=\"container\" data-e-type=\"container\">\n\t\t\t\t\t<div class=\"e-con-inner\">\n\t\t<div class=\"elementor-element elementor-element-f44cddd e-con-full e-flex e-con e-child\" data-id=\"f44cddd\" data-element_type=\"container\" data-e-type=\"container\">\n\t\t\t\t<div class=\"elementor-element elementor-element-fe114a6 elementor-widget elementor-widget-text-editor\" data-id=\"fe114a6\" data-element_type=\"widget\" data-e-type=\"widget\" data-widget_type=\"text-editor.default\">\n\t\t\t\t<div class=\"elementor-widget-container\">\n\t\t\t\t\t\t\t\t\t<p>Envie de savoir comment vous pouvez aider vos vaches et vos veaux gr\u00e2ce \u00e0 l&rsquo;eau potable ?<\/p><p><br><a href=\"https:\/\/www.kantersanimalhealth.com\/personal-advice\/\">Contactez-nous<\/a>. Nos sp\u00e9cialistes se feront un plaisir de vous accompagner. <\/p>\t\t\t\t\t\t\t\t<\/div>\n\t\t\t\t<\/div>\n\t\t\t\t<\/div>\n\t\t<div class=\"elementor-element elementor-element-82655e7 e-con-full e-flex e-con e-child\" data-id=\"82655e7\" data-element_type=\"container\" data-e-type=\"container\">\n\t\t\t\t<div class=\"elementor-element elementor-element-e7d0341 elementor-widget elementor-widget-image\" data-id=\"e7d0341\" data-element_type=\"widget\" data-e-type=\"widget\" data-widget_type=\"image.default\">\n\t\t\t\t<div class=\"elementor-widget-container\">\n\t\t\t\t\t\t\t\t\t\t\t\t\t\t\t<img fetchpriority=\"high\" decoding=\"async\" width=\"250\" height=\"250\" src=\"https:\/\/www.kantersanimalhealth.com\/wp-content\/uploads\/2025\/04\/90-e1744891337889.png\" class=\"attachment-large size-large wp-image-26871\" alt=\"bluetong virus: induce enough resistance in mother cow\" \/>\t\t\t\t\t\t\t\t\t\t\t\t\t\t\t<\/div>\n\t\t\t\t<\/div>\n\t\t\t\t<\/div>\n\t\t\t\t\t<\/div>\n\t\t\t\t<\/div>\n\t\t\t\t<\/div>\n\t\t","protected":false},"excerpt":{"rendered":"<p>Les veaux ne veulent pas boire, y compris apr\u00e8s une attention individuelle importante. La cause ? Un cervelet endommag\u00e9 ou parfois manquant d\u00fb \u00e0 la maladie de la langue bleue chez la m\u00e8re. La seule solution ? Cr\u00e9er suffisamment de r\u00e9silience chez la vache. Cons\u00e9quences de la maladie de la langue bleue chez les veaux [&hellip;]<\/p>\n","protected":false},"author":21,"featured_media":26871,"comment_status":"open","ping_status":"open","sticky":false,"template":"","format":"standard","meta":{"footnotes":""},"categories":[49,48],"tags":[351,350],"class_list":["post-27252","post","type-post","status-publish","format-standard","has-post-thumbnail","hentry","category-blogs-tips","category-news","tag-nutriforte-top-lac-fr","tag-rundvee-fr"],"yoast_head":"<!-- This site is optimized with the Yoast SEO plugin v27.2 - https:\/\/yoast.com\/product\/yoast-seo-wordpress\/ -->\n<title>La maladie de la langue bleue : r\u00e9silience consid\u00e9rable des vaches - Kanters<\/title>\n<meta name=\"description\" content=\"La maladie de la langue bleue a des cons\u00e9quences majeures sur les veaux. La seule solution ? La pr\u00e9vention. En veilmlant \u00e0 ce que le syst\u00e8me immunitaire de la vache soit bien renforc\u00e9\" \/>\n<meta name=\"robots\" content=\"index, follow, max-snippet:-1, max-image-preview:large, max-video-preview:-1\" \/>\n<link rel=\"canonical\" href=\"https:\/\/www.kantersanimalhealth.com\/fr\/actualites\/la-maladie-de-la-langue-bleue-resilience-considerable-des-vaches\/\" \/>\n<meta property=\"og:locale\" content=\"fr_FR\" \/>\n<meta property=\"og:type\" content=\"article\" \/>\n<meta property=\"og:title\" content=\"La maladie de la langue bleue : r\u00e9silience consid\u00e9rable des vaches - Kanters\" \/>\n<meta property=\"og:description\" content=\"La maladie de la langue bleue a des cons\u00e9quences majeures sur les veaux. La seule solution ? La pr\u00e9vention. En veilmlant \u00e0 ce que le syst\u00e8me immunitaire de la vache soit bien renforc\u00e9\" \/>\n<meta property=\"og:url\" content=\"https:\/\/www.kantersanimalhealth.com\/fr\/actualites\/la-maladie-de-la-langue-bleue-resilience-considerable-des-vaches\/\" \/>\n<meta property=\"og:site_name\" content=\"Kanters\" \/>\n<meta property=\"article:publisher\" content=\"https:\/\/www.facebook.com\/FlavourFamily\" \/>\n<meta property=\"article:published_time\" content=\"2025-05-19T10:44:45+00:00\" \/>\n<meta property=\"article:modified_time\" content=\"2025-10-17T08:31:56+00:00\" \/>\n<meta property=\"og:image\" content=\"https:\/\/www.kantersanimalhealth.com\/wp-content\/uploads\/2025\/04\/90-e1744891337889.png\" \/>\n\t<meta property=\"og:image:width\" content=\"250\" \/>\n\t<meta property=\"og:image:height\" content=\"250\" \/>\n\t<meta property=\"og:image:type\" content=\"image\/png\" \/>\n<meta name=\"author\" content=\"janella\" \/>\n<meta name=\"twitter:card\" content=\"summary_large_image\" \/>\n<meta name=\"twitter:label1\" content=\"\u00c9crit par\" \/>\n\t<meta name=\"twitter:data1\" content=\"janella\" \/>\n\t<meta name=\"twitter:label2\" content=\"Dur\u00e9e de lecture estim\u00e9e\" \/>\n\t<meta name=\"twitter:data2\" content=\"2 minutes\" \/>\n<script type=\"application\/ld+json\" class=\"yoast-schema-graph\">{\"@context\":\"https:\/\/schema.org\",\"@graph\":[{\"@type\":\"Article\",\"@id\":\"https:\/\/www.kantersanimalhealth.com\/fr\/actualites\/la-maladie-de-la-langue-bleue-resilience-considerable-des-vaches\/#article\",\"isPartOf\":{\"@id\":\"https:\/\/www.kantersanimalhealth.com\/fr\/actualites\/la-maladie-de-la-langue-bleue-resilience-considerable-des-vaches\/\"},\"author\":{\"name\":\"janella\",\"@id\":\"https:\/\/www.kantersanimalhealth.com\/fr\/#\/schema\/person\/0bc8f456648f0f31edd2ed971a6eca00\"},\"headline\":\"La maladie de la langue bleue : r\u00e9silience consid\u00e9rable des vaches\",\"datePublished\":\"2025-05-19T10:44:45+00:00\",\"dateModified\":\"2025-10-17T08:31:56+00:00\",\"mainEntityOfPage\":{\"@id\":\"https:\/\/www.kantersanimalhealth.com\/fr\/actualites\/la-maladie-de-la-langue-bleue-resilience-considerable-des-vaches\/\"},\"wordCount\":475,\"commentCount\":0,\"publisher\":{\"@id\":\"https:\/\/www.kantersanimalhealth.com\/fr\/#organization\"},\"image\":{\"@id\":\"https:\/\/www.kantersanimalhealth.com\/fr\/actualites\/la-maladie-de-la-langue-bleue-resilience-considerable-des-vaches\/#primaryimage\"},\"thumbnailUrl\":\"https:\/\/www.kantersanimalhealth.com\/wp-content\/uploads\/2025\/04\/90-e1744891337889.png\",\"keywords\":[\"nutriforte top lac\",\"rundvee\"],\"articleSection\":[\"Blogs\/tips\",\"News\"],\"inLanguage\":\"fr-FR\",\"potentialAction\":[{\"@type\":\"CommentAction\",\"name\":\"Comment\",\"target\":[\"https:\/\/www.kantersanimalhealth.com\/fr\/actualites\/la-maladie-de-la-langue-bleue-resilience-considerable-des-vaches\/#respond\"]}]},{\"@type\":\"WebPage\",\"@id\":\"https:\/\/www.kantersanimalhealth.com\/fr\/actualites\/la-maladie-de-la-langue-bleue-resilience-considerable-des-vaches\/\",\"url\":\"https:\/\/www.kantersanimalhealth.com\/fr\/actualites\/la-maladie-de-la-langue-bleue-resilience-considerable-des-vaches\/\",\"name\":\"La maladie de la langue bleue : r\u00e9silience consid\u00e9rable des vaches - Kanters\",\"isPartOf\":{\"@id\":\"https:\/\/www.kantersanimalhealth.com\/fr\/#website\"},\"primaryImageOfPage\":{\"@id\":\"https:\/\/www.kantersanimalhealth.com\/fr\/actualites\/la-maladie-de-la-langue-bleue-resilience-considerable-des-vaches\/#primaryimage\"},\"image\":{\"@id\":\"https:\/\/www.kantersanimalhealth.com\/fr\/actualites\/la-maladie-de-la-langue-bleue-resilience-considerable-des-vaches\/#primaryimage\"},\"thumbnailUrl\":\"https:\/\/www.kantersanimalhealth.com\/wp-content\/uploads\/2025\/04\/90-e1744891337889.png\",\"datePublished\":\"2025-05-19T10:44:45+00:00\",\"dateModified\":\"2025-10-17T08:31:56+00:00\",\"description\":\"La maladie de la langue bleue a des cons\u00e9quences majeures sur les veaux. La seule solution ? La pr\u00e9vention. En veilmlant \u00e0 ce que le syst\u00e8me immunitaire de la vache soit bien renforc\u00e9\",\"breadcrumb\":{\"@id\":\"https:\/\/www.kantersanimalhealth.com\/fr\/actualites\/la-maladie-de-la-langue-bleue-resilience-considerable-des-vaches\/#breadcrumb\"},\"inLanguage\":\"fr-FR\",\"potentialAction\":[{\"@type\":\"ReadAction\",\"target\":[\"https:\/\/www.kantersanimalhealth.com\/fr\/actualites\/la-maladie-de-la-langue-bleue-resilience-considerable-des-vaches\/\"]}]},{\"@type\":\"ImageObject\",\"inLanguage\":\"fr-FR\",\"@id\":\"https:\/\/www.kantersanimalhealth.com\/fr\/actualites\/la-maladie-de-la-langue-bleue-resilience-considerable-des-vaches\/#primaryimage\",\"url\":\"https:\/\/www.kantersanimalhealth.com\/wp-content\/uploads\/2025\/04\/90-e1744891337889.png\",\"contentUrl\":\"https:\/\/www.kantersanimalhealth.com\/wp-content\/uploads\/2025\/04\/90-e1744891337889.png\",\"width\":250,\"height\":250,\"caption\":\"bluetong virus: induce enough resistance in mother cow\"},{\"@type\":\"BreadcrumbList\",\"@id\":\"https:\/\/www.kantersanimalhealth.com\/fr\/actualites\/la-maladie-de-la-langue-bleue-resilience-considerable-des-vaches\/#breadcrumb\",\"itemListElement\":[{\"@type\":\"ListItem\",\"position\":1,\"name\":\"Home\",\"item\":\"https:\/\/www.kantersanimalhealth.com\/fr\/\"},{\"@type\":\"ListItem\",\"position\":2,\"name\":\"Actualit\u00e9s\",\"item\":\"https:\/\/www.kantersanimalhealth.com\/fr\/category\/actualites\/\"},{\"@type\":\"ListItem\",\"position\":3,\"name\":\"La maladie de la langue bleue : r\u00e9silience consid\u00e9rable des vaches\"}]},{\"@type\":\"WebSite\",\"@id\":\"https:\/\/www.kantersanimalhealth.com\/fr\/#website\",\"url\":\"https:\/\/www.kantersanimalhealth.com\/fr\/\",\"name\":\"Kanters\",\"description\":\"Special Products B.V.\",\"publisher\":{\"@id\":\"https:\/\/www.kantersanimalhealth.com\/fr\/#organization\"},\"potentialAction\":[{\"@type\":\"SearchAction\",\"target\":{\"@type\":\"EntryPoint\",\"urlTemplate\":\"https:\/\/www.kantersanimalhealth.com\/fr\/?s={search_term_string}\"},\"query-input\":{\"@type\":\"PropertyValueSpecification\",\"valueRequired\":true,\"valueName\":\"search_term_string\"}}],\"inLanguage\":\"fr-FR\"},{\"@type\":\"Organization\",\"@id\":\"https:\/\/www.kantersanimalhealth.com\/fr\/#organization\",\"name\":\"Flavour Family\",\"url\":\"https:\/\/www.kantersanimalhealth.com\/fr\/\",\"logo\":{\"@type\":\"ImageObject\",\"inLanguage\":\"fr-FR\",\"@id\":\"https:\/\/www.kantersanimalhealth.com\/fr\/#\/schema\/logo\/image\/\",\"url\":\"\",\"contentUrl\":\"\",\"caption\":\"Flavour Family\"},\"image\":{\"@id\":\"https:\/\/www.kantersanimalhealth.com\/fr\/#\/schema\/logo\/image\/\"},\"sameAs\":[\"https:\/\/www.facebook.com\/FlavourFamily\"]},{\"@type\":\"Person\",\"@id\":\"https:\/\/www.kantersanimalhealth.com\/fr\/#\/schema\/person\/0bc8f456648f0f31edd2ed971a6eca00\",\"name\":\"janella\",\"image\":{\"@type\":\"ImageObject\",\"inLanguage\":\"fr-FR\",\"@id\":\"https:\/\/secure.gravatar.com\/avatar\/d7982c73f2df6a367c984f14331f2d3adf28504823b99dded165a94b78ef0145?s=96&d=mm&r=g\",\"url\":\"https:\/\/secure.gravatar.com\/avatar\/d7982c73f2df6a367c984f14331f2d3adf28504823b99dded165a94b78ef0145?s=96&d=mm&r=g\",\"contentUrl\":\"https:\/\/secure.gravatar.com\/avatar\/d7982c73f2df6a367c984f14331f2d3adf28504823b99dded165a94b78ef0145?s=96&d=mm&r=g\",\"caption\":\"janella\"}}]}<\/script>\n<!-- \/ Yoast SEO plugin. -->","yoast_head_json":{"title":"La maladie de la langue bleue : r\u00e9silience consid\u00e9rable des vaches - Kanters","description":"La maladie de la langue bleue a des cons\u00e9quences majeures sur les veaux. La seule solution ? La pr\u00e9vention. En veilmlant \u00e0 ce que le syst\u00e8me immunitaire de la vache soit bien renforc\u00e9","robots":{"index":"index","follow":"follow","max-snippet":"max-snippet:-1","max-image-preview":"max-image-preview:large","max-video-preview":"max-video-preview:-1"},"canonical":"https:\/\/www.kantersanimalhealth.com\/fr\/actualites\/la-maladie-de-la-langue-bleue-resilience-considerable-des-vaches\/","og_locale":"fr_FR","og_type":"article","og_title":"La maladie de la langue bleue : r\u00e9silience consid\u00e9rable des vaches - Kanters","og_description":"La maladie de la langue bleue a des cons\u00e9quences majeures sur les veaux. La seule solution ? La pr\u00e9vention. En veilmlant \u00e0 ce que le syst\u00e8me immunitaire de la vache soit bien renforc\u00e9","og_url":"https:\/\/www.kantersanimalhealth.com\/fr\/actualites\/la-maladie-de-la-langue-bleue-resilience-considerable-des-vaches\/","og_site_name":"Kanters","article_publisher":"https:\/\/www.facebook.com\/FlavourFamily","article_published_time":"2025-05-19T10:44:45+00:00","article_modified_time":"2025-10-17T08:31:56+00:00","og_image":[{"width":250,"height":250,"url":"https:\/\/www.kantersanimalhealth.com\/wp-content\/uploads\/2025\/04\/90-e1744891337889.png","type":"image\/png"}],"author":"janella","twitter_card":"summary_large_image","twitter_misc":{"\u00c9crit par":"janella","Dur\u00e9e de lecture estim\u00e9e":"2 minutes"},"schema":{"@context":"https:\/\/schema.org","@graph":[{"@type":"Article","@id":"https:\/\/www.kantersanimalhealth.com\/fr\/actualites\/la-maladie-de-la-langue-bleue-resilience-considerable-des-vaches\/#article","isPartOf":{"@id":"https:\/\/www.kantersanimalhealth.com\/fr\/actualites\/la-maladie-de-la-langue-bleue-resilience-considerable-des-vaches\/"},"author":{"name":"janella","@id":"https:\/\/www.kantersanimalhealth.com\/fr\/#\/schema\/person\/0bc8f456648f0f31edd2ed971a6eca00"},"headline":"La maladie de la langue bleue : r\u00e9silience consid\u00e9rable des vaches","datePublished":"2025-05-19T10:44:45+00:00","dateModified":"2025-10-17T08:31:56+00:00","mainEntityOfPage":{"@id":"https:\/\/www.kantersanimalhealth.com\/fr\/actualites\/la-maladie-de-la-langue-bleue-resilience-considerable-des-vaches\/"},"wordCount":475,"commentCount":0,"publisher":{"@id":"https:\/\/www.kantersanimalhealth.com\/fr\/#organization"},"image":{"@id":"https:\/\/www.kantersanimalhealth.com\/fr\/actualites\/la-maladie-de-la-langue-bleue-resilience-considerable-des-vaches\/#primaryimage"},"thumbnailUrl":"https:\/\/www.kantersanimalhealth.com\/wp-content\/uploads\/2025\/04\/90-e1744891337889.png","keywords":["nutriforte top lac","rundvee"],"articleSection":["Blogs\/tips","News"],"inLanguage":"fr-FR","potentialAction":[{"@type":"CommentAction","name":"Comment","target":["https:\/\/www.kantersanimalhealth.com\/fr\/actualites\/la-maladie-de-la-langue-bleue-resilience-considerable-des-vaches\/#respond"]}]},{"@type":"WebPage","@id":"https:\/\/www.kantersanimalhealth.com\/fr\/actualites\/la-maladie-de-la-langue-bleue-resilience-considerable-des-vaches\/","url":"https:\/\/www.kantersanimalhealth.com\/fr\/actualites\/la-maladie-de-la-langue-bleue-resilience-considerable-des-vaches\/","name":"La maladie de la langue bleue : r\u00e9silience consid\u00e9rable des vaches - Kanters","isPartOf":{"@id":"https:\/\/www.kantersanimalhealth.com\/fr\/#website"},"primaryImageOfPage":{"@id":"https:\/\/www.kantersanimalhealth.com\/fr\/actualites\/la-maladie-de-la-langue-bleue-resilience-considerable-des-vaches\/#primaryimage"},"image":{"@id":"https:\/\/www.kantersanimalhealth.com\/fr\/actualites\/la-maladie-de-la-langue-bleue-resilience-considerable-des-vaches\/#primaryimage"},"thumbnailUrl":"https:\/\/www.kantersanimalhealth.com\/wp-content\/uploads\/2025\/04\/90-e1744891337889.png","datePublished":"2025-05-19T10:44:45+00:00","dateModified":"2025-10-17T08:31:56+00:00","description":"La maladie de la langue bleue a des cons\u00e9quences majeures sur les veaux. La seule solution ? La pr\u00e9vention. En veilmlant \u00e0 ce que le syst\u00e8me immunitaire de la vache soit bien renforc\u00e9","breadcrumb":{"@id":"https:\/\/www.kantersanimalhealth.com\/fr\/actualites\/la-maladie-de-la-langue-bleue-resilience-considerable-des-vaches\/#breadcrumb"},"inLanguage":"fr-FR","potentialAction":[{"@type":"ReadAction","target":["https:\/\/www.kantersanimalhealth.com\/fr\/actualites\/la-maladie-de-la-langue-bleue-resilience-considerable-des-vaches\/"]}]},{"@type":"ImageObject","inLanguage":"fr-FR","@id":"https:\/\/www.kantersanimalhealth.com\/fr\/actualites\/la-maladie-de-la-langue-bleue-resilience-considerable-des-vaches\/#primaryimage","url":"https:\/\/www.kantersanimalhealth.com\/wp-content\/uploads\/2025\/04\/90-e1744891337889.png","contentUrl":"https:\/\/www.kantersanimalhealth.com\/wp-content\/uploads\/2025\/04\/90-e1744891337889.png","width":250,"height":250,"caption":"bluetong virus: induce enough resistance in mother cow"},{"@type":"BreadcrumbList","@id":"https:\/\/www.kantersanimalhealth.com\/fr\/actualites\/la-maladie-de-la-langue-bleue-resilience-considerable-des-vaches\/#breadcrumb","itemListElement":[{"@type":"ListItem","position":1,"name":"Home","item":"https:\/\/www.kantersanimalhealth.com\/fr\/"},{"@type":"ListItem","position":2,"name":"Actualit\u00e9s","item":"https:\/\/www.kantersanimalhealth.com\/fr\/category\/actualites\/"},{"@type":"ListItem","position":3,"name":"La maladie de la langue bleue : r\u00e9silience consid\u00e9rable des vaches"}]},{"@type":"WebSite","@id":"https:\/\/www.kantersanimalhealth.com\/fr\/#website","url":"https:\/\/www.kantersanimalhealth.com\/fr\/","name":"Kanters","description":"Special Products B.V.","publisher":{"@id":"https:\/\/www.kantersanimalhealth.com\/fr\/#organization"},"potentialAction":[{"@type":"SearchAction","target":{"@type":"EntryPoint","urlTemplate":"https:\/\/www.kantersanimalhealth.com\/fr\/?s={search_term_string}"},"query-input":{"@type":"PropertyValueSpecification","valueRequired":true,"valueName":"search_term_string"}}],"inLanguage":"fr-FR"},{"@type":"Organization","@id":"https:\/\/www.kantersanimalhealth.com\/fr\/#organization","name":"Flavour Family","url":"https:\/\/www.kantersanimalhealth.com\/fr\/","logo":{"@type":"ImageObject","inLanguage":"fr-FR","@id":"https:\/\/www.kantersanimalhealth.com\/fr\/#\/schema\/logo\/image\/","url":"","contentUrl":"","caption":"Flavour Family"},"image":{"@id":"https:\/\/www.kantersanimalhealth.com\/fr\/#\/schema\/logo\/image\/"},"sameAs":["https:\/\/www.facebook.com\/FlavourFamily"]},{"@type":"Person","@id":"https:\/\/www.kantersanimalhealth.com\/fr\/#\/schema\/person\/0bc8f456648f0f31edd2ed971a6eca00","name":"janella","image":{"@type":"ImageObject","inLanguage":"fr-FR","@id":"https:\/\/secure.gravatar.com\/avatar\/d7982c73f2df6a367c984f14331f2d3adf28504823b99dded165a94b78ef0145?s=96&d=mm&r=g","url":"https:\/\/secure.gravatar.com\/avatar\/d7982c73f2df6a367c984f14331f2d3adf28504823b99dded165a94b78ef0145?s=96&d=mm&r=g","contentUrl":"https:\/\/secure.gravatar.com\/avatar\/d7982c73f2df6a367c984f14331f2d3adf28504823b99dded165a94b78ef0145?s=96&d=mm&r=g","caption":"janella"}}]}},"_links":{"self":[{"href":"https:\/\/www.kantersanimalhealth.com\/fr\/wp-json\/wp\/v2\/posts\/27252","targetHints":{"allow":["GET"]}}],"collection":[{"href":"https:\/\/www.kantersanimalhealth.com\/fr\/wp-json\/wp\/v2\/posts"}],"about":[{"href":"https:\/\/www.kantersanimalhealth.com\/fr\/wp-json\/wp\/v2\/types\/post"}],"author":[{"embeddable":true,"href":"https:\/\/www.kantersanimalhealth.com\/fr\/wp-json\/wp\/v2\/users\/21"}],"replies":[{"embeddable":true,"href":"https:\/\/www.kantersanimalhealth.com\/fr\/wp-json\/wp\/v2\/comments?post=27252"}],"version-history":[{"count":2,"href":"https:\/\/www.kantersanimalhealth.com\/fr\/wp-json\/wp\/v2\/posts\/27252\/revisions"}],"predecessor-version":[{"id":30342,"href":"https:\/\/www.kantersanimalhealth.com\/fr\/wp-json\/wp\/v2\/posts\/27252\/revisions\/30342"}],"wp:featuredmedia":[{"embeddable":true,"href":"https:\/\/www.kantersanimalhealth.com\/fr\/wp-json\/wp\/v2\/media\/26871"}],"wp:attachment":[{"href":"https:\/\/www.kantersanimalhealth.com\/fr\/wp-json\/wp\/v2\/media?parent=27252"}],"wp:term":[{"taxonomy":"category","embeddable":true,"href":"https:\/\/www.kantersanimalhealth.com\/fr\/wp-json\/wp\/v2\/categories?post=27252"},{"taxonomy":"post_tag","embeddable":true,"href":"https:\/\/www.kantersanimalhealth.com\/fr\/wp-json\/wp\/v2\/tags?post=27252"}],"curies":[{"name":"wp","href":"https:\/\/api.w.org\/{rel}","templated":true}]}}