{"id":29921,"date":"2025-09-09T19:30:21","date_gmt":"2025-09-09T18:30:21","guid":{"rendered":"https:\/\/www.kantersanimalhealth.com\/sin-categorizar\/reduzca-el-uso-de-antibioticos-y-los-problemas-intestinales-en-los-cerdos\/"},"modified":"2026-08-19T16:25:42","modified_gmt":"2026-08-19T15:25:42","slug":"reduzca-el-uso-de-antibioticos-y-los-problemas-intestinales-en-los-cerdos","status":"publish","type":"post","link":"https:\/\/www.kantersanimalhealth.com\/es\/research-es\/reduzca-el-uso-de-antibioticos-y-los-problemas-intestinales-en-los-cerdos\/","title":{"rendered":"Reducir el uso de antibi\u00f3ticos y los problemas intestinales en cerdos"},"content":{"rendered":"\t\t<div data-elementor-type=\"wp-post\" data-elementor-id=\"29921\" class=\"elementor elementor-29921 elementor-29476\" data-elementor-post-type=\"post\">\n\t\t\t\t<div class=\"elementor-element elementor-element-73def53 e-flex e-con-boxed e-con e-parent\" data-id=\"73def53\" data-element_type=\"container\" data-e-type=\"container\">\n\t\t\t\t\t<div class=\"e-con-inner\">\n\t\t\t\t<div class=\"elementor-element elementor-element-bb32f60 elementor-widget elementor-widget-text-editor\" data-id=\"bb32f60\" data-element_type=\"widget\" data-e-type=\"widget\" data-widget_type=\"text-editor.default\">\n\t\t\t\t<div class=\"elementor-widget-container\">\n\t\t\t\t\t\t\t\t\t<p>Los problemas intestinales en cerdos a menudo provocan diarrea y tienen un impacto significativo en la salud, el bienestar y la econom\u00eda de la granja. Los culpables habituales son <em>E. coli<\/em> (colibacilosis) y <em>Lawsonia intracellularis<\/em> (PIA o ile\u00edtis). Aunque hay vacunas disponibles para proteger a los cerdos contra estas bacterias, <a href=\"https:\/\/www.kantersanimalhealth.com\/wp-content\/uploads\/2025\/08\/LF_notat_2508.pdf\">las investigaciones<\/a> muestran que la vacunaci\u00f3n por s\u00ed sola no es suficiente para reducir el uso de antibi\u00f3ticos. Esto exige estrategias alternativas, como el Protocolo de Destete de Kanters.<\/p>\t\t\t\t\t\t\t\t<\/div>\n\t\t\t\t<\/div>\n\t\t\t\t<div class=\"elementor-element elementor-element-139216b elementor-widget elementor-widget-heading\" data-id=\"139216b\" data-element_type=\"widget\" data-e-type=\"widget\" data-widget_type=\"heading.default\">\n\t\t\t\t<div class=\"elementor-widget-container\">\n\t\t\t\t\t<h2 class=\"elementor-heading-title elementor-size-default\">Investigaci\u00f3n danesa: la vacunaci\u00f3n no reduce el uso de antibi\u00f3ticos<\/h2>\t\t\t\t<\/div>\n\t\t\t\t<\/div>\n\t\t\t\t\t<\/div>\n\t\t\t\t<\/div>\n\t\t<div class=\"elementor-element elementor-element-92f1fff e-flex e-con-boxed e-con e-parent\" data-id=\"92f1fff\" data-element_type=\"container\" data-e-type=\"container\">\n\t\t\t\t\t<div class=\"e-con-inner\">\n\t\t<div class=\"elementor-element elementor-element-8dab414 e-con-full e-flex e-con e-child\" data-id=\"8dab414\" data-element_type=\"container\" data-e-type=\"container\">\n\t\t\t\t<div class=\"elementor-element elementor-element-6a96bc8 elementor-widget elementor-widget-text-editor\" data-id=\"6a96bc8\" data-element_type=\"widget\" data-e-type=\"widget\" data-widget_type=\"text-editor.default\">\n\t\t\t\t<div class=\"elementor-widget-container\">\n\t\t\t\t\t\t\t\t\t<p>En 2024, el uso de antibi\u00f3ticos en cerdos despu\u00e9s del destete represent\u00f3 el 77% del uso total de antibi\u00f3ticos en la producci\u00f3n porcina danesa. Se utiliz\u00f3 principalmente para problemas de est\u00f3mago e intestinales. Aunque hay vacunas contra <em>E. coli<\/em> y <em>Lawsonia<\/em>, las investigaciones muestran que las granjas que vacunan no usan menos antibi\u00f3ticos que las granjas que no vacunan. Incluso hubo una tendencia hacia un mayor uso de aminogluc\u00f3sidos \u2013 usados exclusivamente para la diarrea del destete \u2013 en las granjas que vacunaban.<\/p>\t\t\t\t\t\t\t\t<\/div>\n\t\t\t\t<\/div>\n\t\t\t\t<\/div>\n\t\t<div class=\"elementor-element elementor-element-131938e e-con-full e-flex e-con e-child\" data-id=\"131938e\" data-element_type=\"container\" data-e-type=\"container\">\n\t\t\t\t<div class=\"elementor-element elementor-element-aa28551 elementor-widget elementor-widget-image\" data-id=\"aa28551\" data-element_type=\"widget\" data-e-type=\"widget\" data-widget_type=\"image.default\">\n\t\t\t\t<div class=\"elementor-widget-container\">\n\t\t\t\t\t\t\t\t\t\t\t\t\t\t\t<img fetchpriority=\"high\" decoding=\"async\" width=\"800\" height=\"534\" src=\"https:\/\/www.kantersanimalhealth.com\/wp-content\/uploads\/2025\/08\/Foto-voorzijde-folder-Kanteers-pH-Support-1024x683.jpg\" class=\"attachment-large size-large wp-image-29492\" alt=\"Kanters pH Support supports intestinal health and antibiotic reduction\" srcset=\"https:\/\/www.kantersanimalhealth.com\/wp-content\/uploads\/2025\/08\/Foto-voorzijde-folder-Kanteers-pH-Support-1024x683.jpg 1024w, https:\/\/www.kantersanimalhealth.com\/wp-content\/uploads\/2025\/08\/Foto-voorzijde-folder-Kanteers-pH-Support-370x247.jpg 370w, https:\/\/www.kantersanimalhealth.com\/wp-content\/uploads\/2025\/08\/Foto-voorzijde-folder-Kanteers-pH-Support-768x512.jpg 768w, https:\/\/www.kantersanimalhealth.com\/wp-content\/uploads\/2025\/08\/Foto-voorzijde-folder-Kanteers-pH-Support-1536x1024.jpg 1536w, https:\/\/www.kantersanimalhealth.com\/wp-content\/uploads\/2025\/08\/Foto-voorzijde-folder-Kanteers-pH-Support-2048x1365.jpg 2048w\" sizes=\"(max-width: 800px) 100vw, 800px\" \/>\t\t\t\t\t\t\t\t\t\t\t\t\t\t\t<\/div>\n\t\t\t\t<\/div>\n\t\t\t\t<\/div>\n\t\t\t\t\t<\/div>\n\t\t\t\t<\/div>\n\t\t<div class=\"elementor-element elementor-element-5250b8c e-flex e-con-boxed e-con e-parent\" data-id=\"5250b8c\" data-element_type=\"container\" data-e-type=\"container\">\n\t\t\t\t\t<div class=\"e-con-inner\">\n\t\t\t\t<div class=\"elementor-element elementor-element-a5caaec elementor-widget elementor-widget-heading\" data-id=\"a5caaec\" data-element_type=\"widget\" data-e-type=\"widget\" data-widget_type=\"heading.default\">\n\t\t\t\t<div class=\"elementor-widget-container\">\n\t\t\t\t\t<h3 class=\"elementor-heading-title elementor-size-default\">Las vacunaciones tienen limitaciones<\/h3>\t\t\t\t<\/div>\n\t\t\t\t<\/div>\n\t\t\t\t<div class=\"elementor-element elementor-element-6973823 elementor-widget elementor-widget-text-editor\" data-id=\"6973823\" data-element_type=\"widget\" data-e-type=\"widget\" data-widget_type=\"text-editor.default\">\n\t\t\t\t<div class=\"elementor-widget-container\">\n\t\t\t\t\t\t\t\t\t<p>Es dif\u00edcil determinar por qu\u00e9 la vacunaci\u00f3n no da como resultado una reducci\u00f3n. Es posible que las empresas de vacunaci\u00f3n se enfrenten a una mayor presi\u00f3n de infecci\u00f3n. La realidad es que la vacunaci\u00f3n por s\u00ed sola no es una estrategia sostenible contra los problemas intestinales y la reducci\u00f3n de antibi\u00f3ticos. Las vacunas a menudo solo funcionan contra cepas espec\u00edficas o tienen otras limitaciones. Adem\u00e1s, la vacunaci\u00f3n no sustituye a las medidas de higiene que eliminan las bacterias del entorno de vida y no tiene un efecto de apoyo para curar infecciones existentes. Por lo tanto, son necesarias intervenciones adicionales que se centren espec\u00edficamente en esto.<\/p>\t\t\t\t\t\t\t\t<\/div>\n\t\t\t\t<\/div>\n\t\t\t\t<div class=\"elementor-element elementor-element-deac8c7 elementor-widget elementor-widget-heading\" data-id=\"deac8c7\" data-element_type=\"widget\" data-e-type=\"widget\" data-widget_type=\"heading.default\">\n\t\t\t\t<div class=\"elementor-widget-container\">\n\t\t\t\t\t<h2 class=\"elementor-heading-title elementor-size-default\">Protocolo de Destete de Kanters: un enfoque integrado<\/h2>\t\t\t\t<\/div>\n\t\t\t\t<\/div>\n\t\t\t\t<div class=\"elementor-element elementor-element-2b257a3 elementor-widget elementor-widget-text-editor\" data-id=\"2b257a3\" data-element_type=\"widget\" data-e-type=\"widget\" data-widget_type=\"text-editor.default\">\n\t\t\t\t<div class=\"elementor-widget-container\">\n\t\t\t\t\t\t\t\t\t<p>El Protocolo de Destete ofrece un enfoque preventivo para mantener a los cerdos sanos y reducir el riesgo de infecciones y enfermedades:<\/p><ol><li>Evitar que los pat\u00f3genos lleguen a los animales<\/li><li>Estimular la digesti\u00f3n y el crecimiento<\/li><li>Apoyar la salud intestinal y el sistema inmunitario<\/li><\/ol><p>\u00a0<\/p><p>Todo empieza por garantizar que los lechones lleguen a un entorno limpio. Pat\u00f3genos como <em>E. coli<\/em> y <em>Lawsonia<\/em> pueden sobrevivir en el entorno durante mucho tiempo. La limpieza y desinfecci\u00f3n exhaustivas de las instalaciones entre tandas es esencial. \u00a1No olvide las tuber\u00edas de agua de bebida! Los pat\u00f3genos potenciales pueden esconderse en estas tuber\u00edas, completamente fuera de la vista. <a href=\"https:\/\/www.kantersanimalhealth.com\/es\/cerdos\/higiene-del-agua-potable\/aqua-clean-3\/\">Aqua-clean<\/a> limpia y desinfecta las tuber\u00edas de agua de bebida, haciendo que el agua vuelva a ser segura y un nutriente valioso.<\/p><p>Tambi\u00e9n es importante apoyar la salud y el crecimiento de sus lechones durante la tanda. <a href=\"https:\/\/www.kantersanimalhealth.com\/es\/cerdos\/equilibrio-2\/kanters-ph-support-2\/\">Kanters pH Support<\/a> reduce el valor de pH del agua de bebida, lo que inhibe el crecimiento bacteriano en el agua y estimula la digesti\u00f3n de prote\u00ednas, y con ello el crecimiento del cerdo. Adem\u00e1s, esto crea un entorno en el que Intesti-Forte funciona mejor.<a href=\"https:\/\/www.kantersanimalhealth.com\/es\/cerdos\/salud-intestinal-2\/intesti-forte-2\/\"> Intesti-Forte<\/a> apoya la salud intestinal con minerales y amino\u00e1cidos. Una buena salud intestinal es crucial para una digesti\u00f3n adecuada, un sistema inmunitario fuerte y la salud general.<\/p>\t\t\t\t\t\t\t\t<\/div>\n\t\t\t\t<\/div>\n\t\t\t\t<div class=\"elementor-element elementor-element-0d9f030 elementor-widget elementor-widget-heading\" data-id=\"0d9f030\" data-element_type=\"widget\" data-e-type=\"widget\" data-widget_type=\"heading.default\">\n\t\t\t\t<div class=\"elementor-widget-container\">\n\t\t\t\t\t<h3 class=\"elementor-heading-title elementor-size-default\">Eficacia probada<\/h3>\t\t\t\t<\/div>\n\t\t\t\t<\/div>\n\t\t\t\t<div class=\"elementor-element elementor-element-6639515 elementor-widget elementor-widget-text-editor\" data-id=\"6639515\" data-element_type=\"widget\" data-e-type=\"widget\" data-widget_type=\"text-editor.default\">\n\t\t\t\t<div class=\"elementor-widget-container\">\n\t\t\t\t\t\t\t\t\t<p>Los resultados en campo muestran que Kanters pH Support e Intesti-Forte contribuyen a menos diarrea de destete, menor mortalidad y mejor crecimiento, incluso en comparaci\u00f3n con grupos de control que recibieron antibi\u00f3ticos. La investigaci\u00f3n de Schothorst Feed Research confirma que la combinaci\u00f3n de Intesti-Forte y Kanters pH Support redujo la excreci\u00f3n de E. coli, tanto en concentraci\u00f3n como con el paso del tiempo. Esta reducci\u00f3n es de gran importancia para reducir la presi\u00f3n de infecci\u00f3n en el establo. Adem\u00e1s, estos productos mejoraron la estructura intestinal y, por tanto, la capacidad de absorci\u00f3n, algo crucial para la recuperaci\u00f3n tras una infecci\u00f3n.<\/p>\t\t\t\t\t\t\t\t<\/div>\n\t\t\t\t<\/div>\n\t\t\t\t<div class=\"elementor-element elementor-element-061f7bd elementor-widget elementor-widget-heading\" data-id=\"061f7bd\" data-element_type=\"widget\" data-e-type=\"widget\" data-widget_type=\"heading.default\">\n\t\t\t\t<div class=\"elementor-widget-container\">\n\t\t\t\t\t<h3 class=\"elementor-heading-title elementor-size-default\">Reducci\u00f3n estructural en antibi\u00f3ticos<\/h3>\t\t\t\t<\/div>\n\t\t\t\t<\/div>\n\t\t\t\t\t<\/div>\n\t\t\t\t<\/div>\n\t\t<div class=\"elementor-element elementor-element-5bd3cb4 e-flex e-con-boxed e-con e-parent\" data-id=\"5bd3cb4\" data-element_type=\"container\" data-e-type=\"container\">\n\t\t\t\t\t<div class=\"e-con-inner\">\n\t\t<div class=\"elementor-element elementor-element-c380975 e-con-full e-flex e-con e-child\" data-id=\"c380975\" data-element_type=\"container\" data-e-type=\"container\">\n\t\t\t\t<div class=\"elementor-element elementor-element-67615ff elementor-widget elementor-widget-text-editor\" data-id=\"67615ff\" data-element_type=\"widget\" data-e-type=\"widget\" data-widget_type=\"text-editor.default\">\n\t\t\t\t<div class=\"elementor-widget-container\">\n\t\t\t\t\t\t\t\t\t<p>La fuerza del Protocolo de Destete reside en una combinaci\u00f3n de propiedades antimicrobianas y efectos positivos sobre la morfolog\u00eda intestinal, lo que se traduce en una mejora de la salud general de los animales, especialmente en lo que respecta a la integridad intestinal y una menor incidencia de infecciones. Esto conlleva una reducci\u00f3n en el uso de antibi\u00f3ticos, lo cual es beneficioso tanto para prevenir la resistencia a los antibi\u00f3ticos como para mejorar los resultados del negocio.<\/p>\t\t\t\t\t\t\t\t<\/div>\n\t\t\t\t<\/div>\n\t\t\t\t<\/div>\n\t\t<div class=\"elementor-element elementor-element-c129f2a e-con-full e-flex e-con e-child\" data-id=\"c129f2a\" data-element_type=\"container\" data-e-type=\"container\">\n\t\t\t\t<div class=\"elementor-element elementor-element-c398666 elementor-widget elementor-widget-image\" data-id=\"c398666\" data-element_type=\"widget\" data-e-type=\"widget\" data-widget_type=\"image.default\">\n\t\t\t\t<div class=\"elementor-widget-container\">\n\t\t\t\t\t\t\t\t\t\t\t\t\t\t\t<img decoding=\"async\" src=\"https:\/\/www.kantersanimalhealth.com\/wp-content\/uploads\/2021\/12\/shutterstock_2031033662-e1755525427675.jpg\" title=\"varkens darmgezondheid\" alt=\"intestinal health lowers antibiotic use\" loading=\"lazy\" \/>\t\t\t\t\t\t\t\t\t\t\t\t\t\t\t<\/div>\n\t\t\t\t<\/div>\n\t\t\t\t<\/div>\n\t\t\t\t\t<\/div>\n\t\t\t\t<\/div>\n\t\t<div class=\"elementor-element elementor-element-c21a60a e-flex e-con-boxed e-con e-parent\" data-id=\"c21a60a\" data-element_type=\"container\" data-e-type=\"container\">\n\t\t\t\t\t<div class=\"e-con-inner\">\n\t\t\t\t<div class=\"elementor-element elementor-element-6316a0e elementor-widget elementor-widget-text-editor\" data-id=\"6316a0e\" data-element_type=\"widget\" data-e-type=\"widget\" data-widget_type=\"text-editor.default\">\n\t\t\t\t<div class=\"elementor-widget-container\">\n\t\t\t\t\t\t\t\t\t<p>\u00bfLe gustar\u00eda saber m\u00e1s sobre c\u00f3mo mejorar la salud intestinal y reducir el uso de antibi\u00f3ticos? <a href=\"https:\/\/www.kantersanimalhealth.com\/es\/asesoramiento-personalizado\/\">Cont\u00e1ctenos<\/a>, con gusto le ayudaremos con consejos adaptados.<\/p>\t\t\t\t\t\t\t\t<\/div>\n\t\t\t\t<\/div>\n\t\t\t\t\t<\/div>\n\t\t\t\t<\/div>\n\t\t\t\t<\/div>\n\t\t","protected":false},"excerpt":{"rendered":"<p>Los problemas intestinales en cerdos a menudo provocan diarrea y tienen un impacto significativo en la salud, el bienestar y la econom\u00eda de la granja. Los culpables habituales son E. coli (colibacilosis) y Lawsonia intracellularis (PIA o ile\u00edtis). Aunque hay vacunas disponibles para proteger a los cerdos contra estas bacterias, las investigaciones muestran que la [&hellip;]<\/p>\n","protected":false},"author":21,"featured_media":29554,"comment_status":"open","ping_status":"open","sticky":false,"template":"","format":"standard","meta":{"_monsterinsights_skip_tracking":false,"footnotes":""},"categories":[306,320],"tags":[338,309,317,389,324,323,316],"class_list":["post-29921","post","type-post","status-publish","format-standard","has-post-thumbnail","hentry","category-blogs-consejos","category-research-es","tag-aqua-clean-es","tag-cerdos","tag-darmgezondheid-es","tag-diarrea","tag-intesti-forte-es","tag-ph-support-es","tag-varken-es"],"yoast_head":"<!-- This site is optimized with the Yoast SEO plugin v28.2 - https:\/\/yoast.com\/product\/yoast-seo-wordpress\/ -->\n<title>Reducir el uso de antibi\u00f3ticos y los problemas intestinales en cerdos - Kanters<\/title>\n<meta name=\"description\" content=\"Seg\u00fan investigaciones, la vacunaci\u00f3n por s\u00ed sola no es suficiente para reducir el uso de antibi\u00f3ticos en problemas intestinales. Esto requiere un enfoque integrado.\" \/>\n<meta name=\"robots\" content=\"index, follow, max-snippet:-1, max-image-preview:large, max-video-preview:-1\" \/>\n<link rel=\"canonical\" href=\"https:\/\/www.kantersanimalhealth.com\/es\/research-es\/reduzca-el-uso-de-antibioticos-y-los-problemas-intestinales-en-los-cerdos\/\" \/>\n<meta property=\"og:locale\" content=\"es_ES\" \/>\n<meta property=\"og:type\" content=\"article\" \/>\n<meta property=\"og:title\" content=\"Reducir el uso de antibi\u00f3ticos y los problemas intestinales en cerdos - Kanters\" \/>\n<meta property=\"og:description\" content=\"Seg\u00fan investigaciones, la vacunaci\u00f3n por s\u00ed sola no es suficiente para reducir el uso de antibi\u00f3ticos en problemas intestinales. Esto requiere un enfoque integrado.\" \/>\n<meta property=\"og:url\" content=\"https:\/\/www.kantersanimalhealth.com\/es\/research-es\/reduzca-el-uso-de-antibioticos-y-los-problemas-intestinales-en-los-cerdos\/\" \/>\n<meta property=\"og:site_name\" content=\"Kanters\" \/>\n<meta property=\"article:publisher\" content=\"https:\/\/www.facebook.com\/FlavourFamily\" \/>\n<meta property=\"article:published_time\" content=\"2025-09-09T18:30:21+00:00\" \/>\n<meta property=\"article:modified_time\" content=\"2026-08-19T15:25:42+00:00\" \/>\n<meta property=\"og:image\" content=\"https:\/\/www.kantersanimalhealth.com\/wp-content\/uploads\/2025\/08\/Conceptbeeld-varken.jpg\" \/>\n\t<meta property=\"og:image:width\" content=\"1920\" \/>\n\t<meta property=\"og:image:height\" content=\"1182\" \/>\n\t<meta property=\"og:image:type\" content=\"image\/jpeg\" \/>\n<meta name=\"author\" content=\"janella\" \/>\n<meta name=\"twitter:card\" content=\"summary_large_image\" \/>\n<meta name=\"twitter:label1\" content=\"Escrito por\" \/>\n\t<meta name=\"twitter:data1\" content=\"janella\" \/>\n\t<meta name=\"twitter:label2\" content=\"Tiempo de lectura\" \/>\n\t<meta name=\"twitter:data2\" content=\"4 minutos\" \/>\n<script type=\"application\/ld+json\" class=\"yoast-schema-graph\">{\"@context\":\"https:\\\/\\\/schema.org\",\"@graph\":[{\"@type\":\"Article\",\"@id\":\"https:\\\/\\\/www.kantersanimalhealth.com\\\/es\\\/research-es\\\/reduzca-el-uso-de-antibioticos-y-los-problemas-intestinales-en-los-cerdos\\\/#article\",\"isPartOf\":{\"@id\":\"https:\\\/\\\/www.kantersanimalhealth.com\\\/es\\\/research-es\\\/reduzca-el-uso-de-antibioticos-y-los-problemas-intestinales-en-los-cerdos\\\/\"},\"author\":{\"name\":\"janella\",\"@id\":\"https:\\\/\\\/www.kantersanimalhealth.com\\\/es\\\/#\\\/schema\\\/person\\\/0bc8f456648f0f31edd2ed971a6eca00\"},\"headline\":\"Reducir el uso de antibi\u00f3ticos y los problemas intestinales en cerdos\",\"datePublished\":\"2025-09-09T18:30:21+00:00\",\"dateModified\":\"2026-08-19T15:25:42+00:00\",\"mainEntityOfPage\":{\"@id\":\"https:\\\/\\\/www.kantersanimalhealth.com\\\/es\\\/research-es\\\/reduzca-el-uso-de-antibioticos-y-los-problemas-intestinales-en-los-cerdos\\\/\"},\"wordCount\":783,\"commentCount\":0,\"publisher\":{\"@id\":\"https:\\\/\\\/www.kantersanimalhealth.com\\\/es\\\/#organization\"},\"image\":{\"@id\":\"https:\\\/\\\/www.kantersanimalhealth.com\\\/es\\\/research-es\\\/reduzca-el-uso-de-antibioticos-y-los-problemas-intestinales-en-los-cerdos\\\/#primaryimage\"},\"thumbnailUrl\":\"https:\\\/\\\/www.kantersanimalhealth.com\\\/wp-content\\\/uploads\\\/2025\\\/08\\\/Conceptbeeld-varken.jpg\",\"keywords\":[\"aqua clean\",\"cerdos\",\"darmgezondheid\",\"diarrea\",\"Intesti-forte\",\"pH support\",\"varken\"],\"articleSection\":[\"Blogs \\\/ Consejos\",\"Research\"],\"inLanguage\":\"es\",\"potentialAction\":[{\"@type\":\"CommentAction\",\"name\":\"Comment\",\"target\":[\"https:\\\/\\\/www.kantersanimalhealth.com\\\/es\\\/research-es\\\/reduzca-el-uso-de-antibioticos-y-los-problemas-intestinales-en-los-cerdos\\\/#respond\"]}]},{\"@type\":\"WebPage\",\"@id\":\"https:\\\/\\\/www.kantersanimalhealth.com\\\/es\\\/research-es\\\/reduzca-el-uso-de-antibioticos-y-los-problemas-intestinales-en-los-cerdos\\\/\",\"url\":\"https:\\\/\\\/www.kantersanimalhealth.com\\\/es\\\/research-es\\\/reduzca-el-uso-de-antibioticos-y-los-problemas-intestinales-en-los-cerdos\\\/\",\"name\":\"Reducir el uso de antibi\u00f3ticos y los problemas intestinales en cerdos - Kanters\",\"isPartOf\":{\"@id\":\"https:\\\/\\\/www.kantersanimalhealth.com\\\/es\\\/#website\"},\"primaryImageOfPage\":{\"@id\":\"https:\\\/\\\/www.kantersanimalhealth.com\\\/es\\\/research-es\\\/reduzca-el-uso-de-antibioticos-y-los-problemas-intestinales-en-los-cerdos\\\/#primaryimage\"},\"image\":{\"@id\":\"https:\\\/\\\/www.kantersanimalhealth.com\\\/es\\\/research-es\\\/reduzca-el-uso-de-antibioticos-y-los-problemas-intestinales-en-los-cerdos\\\/#primaryimage\"},\"thumbnailUrl\":\"https:\\\/\\\/www.kantersanimalhealth.com\\\/wp-content\\\/uploads\\\/2025\\\/08\\\/Conceptbeeld-varken.jpg\",\"datePublished\":\"2025-09-09T18:30:21+00:00\",\"dateModified\":\"2026-08-19T15:25:42+00:00\",\"description\":\"Seg\u00fan investigaciones, la vacunaci\u00f3n por s\u00ed sola no es suficiente para reducir el uso de antibi\u00f3ticos en problemas intestinales. Esto requiere un enfoque integrado.\",\"breadcrumb\":{\"@id\":\"https:\\\/\\\/www.kantersanimalhealth.com\\\/es\\\/research-es\\\/reduzca-el-uso-de-antibioticos-y-los-problemas-intestinales-en-los-cerdos\\\/#breadcrumb\"},\"inLanguage\":\"es\",\"potentialAction\":[{\"@type\":\"ReadAction\",\"target\":[\"https:\\\/\\\/www.kantersanimalhealth.com\\\/es\\\/research-es\\\/reduzca-el-uso-de-antibioticos-y-los-problemas-intestinales-en-los-cerdos\\\/\"]}]},{\"@type\":\"ImageObject\",\"inLanguage\":\"es\",\"@id\":\"https:\\\/\\\/www.kantersanimalhealth.com\\\/es\\\/research-es\\\/reduzca-el-uso-de-antibioticos-y-los-problemas-intestinales-en-los-cerdos\\\/#primaryimage\",\"url\":\"https:\\\/\\\/www.kantersanimalhealth.com\\\/wp-content\\\/uploads\\\/2025\\\/08\\\/Conceptbeeld-varken.jpg\",\"contentUrl\":\"https:\\\/\\\/www.kantersanimalhealth.com\\\/wp-content\\\/uploads\\\/2025\\\/08\\\/Conceptbeeld-varken.jpg\",\"width\":1920,\"height\":1182,\"caption\":\"Lower antibiotic use and intestinal issues like diarrhoea\"},{\"@type\":\"BreadcrumbList\",\"@id\":\"https:\\\/\\\/www.kantersanimalhealth.com\\\/es\\\/research-es\\\/reduzca-el-uso-de-antibioticos-y-los-problemas-intestinales-en-los-cerdos\\\/#breadcrumb\",\"itemListElement\":[{\"@type\":\"ListItem\",\"position\":1,\"name\":\"Home\",\"item\":\"https:\\\/\\\/www.kantersanimalhealth.com\\\/es\\\/\"},{\"@type\":\"ListItem\",\"position\":2,\"name\":\"Research\",\"item\":\"https:\\\/\\\/www.kantersanimalhealth.com\\\/es\\\/category\\\/research-es\\\/\"},{\"@type\":\"ListItem\",\"position\":3,\"name\":\"Reducir el uso de antibi\u00f3ticos y los problemas intestinales en cerdos\"}]},{\"@type\":\"WebSite\",\"@id\":\"https:\\\/\\\/www.kantersanimalhealth.com\\\/es\\\/#website\",\"url\":\"https:\\\/\\\/www.kantersanimalhealth.com\\\/es\\\/\",\"name\":\"Kanters\",\"description\":\"Special Products B.V.\",\"publisher\":{\"@id\":\"https:\\\/\\\/www.kantersanimalhealth.com\\\/es\\\/#organization\"},\"potentialAction\":[{\"@type\":\"SearchAction\",\"target\":{\"@type\":\"EntryPoint\",\"urlTemplate\":\"https:\\\/\\\/www.kantersanimalhealth.com\\\/es\\\/?s={search_term_string}\"},\"query-input\":{\"@type\":\"PropertyValueSpecification\",\"valueRequired\":true,\"valueName\":\"search_term_string\"}}],\"inLanguage\":\"es\"},{\"@type\":\"Organization\",\"@id\":\"https:\\\/\\\/www.kantersanimalhealth.com\\\/es\\\/#organization\",\"name\":\"Flavour Family\",\"url\":\"https:\\\/\\\/www.kantersanimalhealth.com\\\/es\\\/\",\"logo\":{\"@type\":\"ImageObject\",\"inLanguage\":\"es\",\"@id\":\"https:\\\/\\\/www.kantersanimalhealth.com\\\/es\\\/#\\\/schema\\\/logo\\\/image\\\/\",\"url\":\"\",\"contentUrl\":\"\",\"caption\":\"Flavour Family\"},\"image\":{\"@id\":\"https:\\\/\\\/www.kantersanimalhealth.com\\\/es\\\/#\\\/schema\\\/logo\\\/image\\\/\"},\"sameAs\":[\"https:\\\/\\\/www.facebook.com\\\/FlavourFamily\"]},{\"@type\":\"Person\",\"@id\":\"https:\\\/\\\/www.kantersanimalhealth.com\\\/es\\\/#\\\/schema\\\/person\\\/0bc8f456648f0f31edd2ed971a6eca00\",\"name\":\"janella\",\"image\":{\"@type\":\"ImageObject\",\"inLanguage\":\"es\",\"@id\":\"https:\\\/\\\/secure.gravatar.com\\\/avatar\\\/d7982c73f2df6a367c984f14331f2d3adf28504823b99dded165a94b78ef0145?s=96&d=mm&r=g\",\"url\":\"https:\\\/\\\/secure.gravatar.com\\\/avatar\\\/d7982c73f2df6a367c984f14331f2d3adf28504823b99dded165a94b78ef0145?s=96&d=mm&r=g\",\"contentUrl\":\"https:\\\/\\\/secure.gravatar.com\\\/avatar\\\/d7982c73f2df6a367c984f14331f2d3adf28504823b99dded165a94b78ef0145?s=96&d=mm&r=g\",\"caption\":\"janella\"}}]}<\/script>\n<!-- \/ Yoast SEO plugin. -->","yoast_head_json":{"title":"Reducir el uso de antibi\u00f3ticos y los problemas intestinales en cerdos - Kanters","description":"Seg\u00fan investigaciones, la vacunaci\u00f3n por s\u00ed sola no es suficiente para reducir el uso de antibi\u00f3ticos en problemas intestinales. Esto requiere un enfoque integrado.","robots":{"index":"index","follow":"follow","max-snippet":"max-snippet:-1","max-image-preview":"max-image-preview:large","max-video-preview":"max-video-preview:-1"},"canonical":"https:\/\/www.kantersanimalhealth.com\/es\/research-es\/reduzca-el-uso-de-antibioticos-y-los-problemas-intestinales-en-los-cerdos\/","og_locale":"es_ES","og_type":"article","og_title":"Reducir el uso de antibi\u00f3ticos y los problemas intestinales en cerdos - Kanters","og_description":"Seg\u00fan investigaciones, la vacunaci\u00f3n por s\u00ed sola no es suficiente para reducir el uso de antibi\u00f3ticos en problemas intestinales. Esto requiere un enfoque integrado.","og_url":"https:\/\/www.kantersanimalhealth.com\/es\/research-es\/reduzca-el-uso-de-antibioticos-y-los-problemas-intestinales-en-los-cerdos\/","og_site_name":"Kanters","article_publisher":"https:\/\/www.facebook.com\/FlavourFamily","article_published_time":"2025-09-09T18:30:21+00:00","article_modified_time":"2026-08-19T15:25:42+00:00","og_image":[{"width":1920,"height":1182,"url":"https:\/\/www.kantersanimalhealth.com\/wp-content\/uploads\/2025\/08\/Conceptbeeld-varken.jpg","type":"image\/jpeg"}],"author":"janella","twitter_card":"summary_large_image","twitter_misc":{"Escrito por":"janella","Tiempo de lectura":"4 minutos"},"schema":{"@context":"https:\/\/schema.org","@graph":[{"@type":"Article","@id":"https:\/\/www.kantersanimalhealth.com\/es\/research-es\/reduzca-el-uso-de-antibioticos-y-los-problemas-intestinales-en-los-cerdos\/#article","isPartOf":{"@id":"https:\/\/www.kantersanimalhealth.com\/es\/research-es\/reduzca-el-uso-de-antibioticos-y-los-problemas-intestinales-en-los-cerdos\/"},"author":{"name":"janella","@id":"https:\/\/www.kantersanimalhealth.com\/es\/#\/schema\/person\/0bc8f456648f0f31edd2ed971a6eca00"},"headline":"Reducir el uso de antibi\u00f3ticos y los problemas intestinales en cerdos","datePublished":"2025-09-09T18:30:21+00:00","dateModified":"2026-08-19T15:25:42+00:00","mainEntityOfPage":{"@id":"https:\/\/www.kantersanimalhealth.com\/es\/research-es\/reduzca-el-uso-de-antibioticos-y-los-problemas-intestinales-en-los-cerdos\/"},"wordCount":783,"commentCount":0,"publisher":{"@id":"https:\/\/www.kantersanimalhealth.com\/es\/#organization"},"image":{"@id":"https:\/\/www.kantersanimalhealth.com\/es\/research-es\/reduzca-el-uso-de-antibioticos-y-los-problemas-intestinales-en-los-cerdos\/#primaryimage"},"thumbnailUrl":"https:\/\/www.kantersanimalhealth.com\/wp-content\/uploads\/2025\/08\/Conceptbeeld-varken.jpg","keywords":["aqua clean","cerdos","darmgezondheid","diarrea","Intesti-forte","pH support","varken"],"articleSection":["Blogs \/ Consejos","Research"],"inLanguage":"es","potentialAction":[{"@type":"CommentAction","name":"Comment","target":["https:\/\/www.kantersanimalhealth.com\/es\/research-es\/reduzca-el-uso-de-antibioticos-y-los-problemas-intestinales-en-los-cerdos\/#respond"]}]},{"@type":"WebPage","@id":"https:\/\/www.kantersanimalhealth.com\/es\/research-es\/reduzca-el-uso-de-antibioticos-y-los-problemas-intestinales-en-los-cerdos\/","url":"https:\/\/www.kantersanimalhealth.com\/es\/research-es\/reduzca-el-uso-de-antibioticos-y-los-problemas-intestinales-en-los-cerdos\/","name":"Reducir el uso de antibi\u00f3ticos y los problemas intestinales en cerdos - Kanters","isPartOf":{"@id":"https:\/\/www.kantersanimalhealth.com\/es\/#website"},"primaryImageOfPage":{"@id":"https:\/\/www.kantersanimalhealth.com\/es\/research-es\/reduzca-el-uso-de-antibioticos-y-los-problemas-intestinales-en-los-cerdos\/#primaryimage"},"image":{"@id":"https:\/\/www.kantersanimalhealth.com\/es\/research-es\/reduzca-el-uso-de-antibioticos-y-los-problemas-intestinales-en-los-cerdos\/#primaryimage"},"thumbnailUrl":"https:\/\/www.kantersanimalhealth.com\/wp-content\/uploads\/2025\/08\/Conceptbeeld-varken.jpg","datePublished":"2025-09-09T18:30:21+00:00","dateModified":"2026-08-19T15:25:42+00:00","description":"Seg\u00fan investigaciones, la vacunaci\u00f3n por s\u00ed sola no es suficiente para reducir el uso de antibi\u00f3ticos en problemas intestinales. Esto requiere un enfoque integrado.","breadcrumb":{"@id":"https:\/\/www.kantersanimalhealth.com\/es\/research-es\/reduzca-el-uso-de-antibioticos-y-los-problemas-intestinales-en-los-cerdos\/#breadcrumb"},"inLanguage":"es","potentialAction":[{"@type":"ReadAction","target":["https:\/\/www.kantersanimalhealth.com\/es\/research-es\/reduzca-el-uso-de-antibioticos-y-los-problemas-intestinales-en-los-cerdos\/"]}]},{"@type":"ImageObject","inLanguage":"es","@id":"https:\/\/www.kantersanimalhealth.com\/es\/research-es\/reduzca-el-uso-de-antibioticos-y-los-problemas-intestinales-en-los-cerdos\/#primaryimage","url":"https:\/\/www.kantersanimalhealth.com\/wp-content\/uploads\/2025\/08\/Conceptbeeld-varken.jpg","contentUrl":"https:\/\/www.kantersanimalhealth.com\/wp-content\/uploads\/2025\/08\/Conceptbeeld-varken.jpg","width":1920,"height":1182,"caption":"Lower antibiotic use and intestinal issues like diarrhoea"},{"@type":"BreadcrumbList","@id":"https:\/\/www.kantersanimalhealth.com\/es\/research-es\/reduzca-el-uso-de-antibioticos-y-los-problemas-intestinales-en-los-cerdos\/#breadcrumb","itemListElement":[{"@type":"ListItem","position":1,"name":"Home","item":"https:\/\/www.kantersanimalhealth.com\/es\/"},{"@type":"ListItem","position":2,"name":"Research","item":"https:\/\/www.kantersanimalhealth.com\/es\/category\/research-es\/"},{"@type":"ListItem","position":3,"name":"Reducir el uso de antibi\u00f3ticos y los problemas intestinales en cerdos"}]},{"@type":"WebSite","@id":"https:\/\/www.kantersanimalhealth.com\/es\/#website","url":"https:\/\/www.kantersanimalhealth.com\/es\/","name":"Kanters","description":"Special Products B.V.","publisher":{"@id":"https:\/\/www.kantersanimalhealth.com\/es\/#organization"},"potentialAction":[{"@type":"SearchAction","target":{"@type":"EntryPoint","urlTemplate":"https:\/\/www.kantersanimalhealth.com\/es\/?s={search_term_string}"},"query-input":{"@type":"PropertyValueSpecification","valueRequired":true,"valueName":"search_term_string"}}],"inLanguage":"es"},{"@type":"Organization","@id":"https:\/\/www.kantersanimalhealth.com\/es\/#organization","name":"Flavour Family","url":"https:\/\/www.kantersanimalhealth.com\/es\/","logo":{"@type":"ImageObject","inLanguage":"es","@id":"https:\/\/www.kantersanimalhealth.com\/es\/#\/schema\/logo\/image\/","url":"","contentUrl":"","caption":"Flavour Family"},"image":{"@id":"https:\/\/www.kantersanimalhealth.com\/es\/#\/schema\/logo\/image\/"},"sameAs":["https:\/\/www.facebook.com\/FlavourFamily"]},{"@type":"Person","@id":"https:\/\/www.kantersanimalhealth.com\/es\/#\/schema\/person\/0bc8f456648f0f31edd2ed971a6eca00","name":"janella","image":{"@type":"ImageObject","inLanguage":"es","@id":"https:\/\/secure.gravatar.com\/avatar\/d7982c73f2df6a367c984f14331f2d3adf28504823b99dded165a94b78ef0145?s=96&d=mm&r=g","url":"https:\/\/secure.gravatar.com\/avatar\/d7982c73f2df6a367c984f14331f2d3adf28504823b99dded165a94b78ef0145?s=96&d=mm&r=g","contentUrl":"https:\/\/secure.gravatar.com\/avatar\/d7982c73f2df6a367c984f14331f2d3adf28504823b99dded165a94b78ef0145?s=96&d=mm&r=g","caption":"janella"}}]}},"_links":{"self":[{"href":"https:\/\/www.kantersanimalhealth.com\/es\/wp-json\/wp\/v2\/posts\/29921","targetHints":{"allow":["GET"]}}],"collection":[{"href":"https:\/\/www.kantersanimalhealth.com\/es\/wp-json\/wp\/v2\/posts"}],"about":[{"href":"https:\/\/www.kantersanimalhealth.com\/es\/wp-json\/wp\/v2\/types\/post"}],"author":[{"embeddable":true,"href":"https:\/\/www.kantersanimalhealth.com\/es\/wp-json\/wp\/v2\/users\/21"}],"replies":[{"embeddable":true,"href":"https:\/\/www.kantersanimalhealth.com\/es\/wp-json\/wp\/v2\/comments?post=29921"}],"version-history":[{"count":6,"href":"https:\/\/www.kantersanimalhealth.com\/es\/wp-json\/wp\/v2\/posts\/29921\/revisions"}],"predecessor-version":[{"id":36694,"href":"https:\/\/www.kantersanimalhealth.com\/es\/wp-json\/wp\/v2\/posts\/29921\/revisions\/36694"}],"wp:featuredmedia":[{"embeddable":true,"href":"https:\/\/www.kantersanimalhealth.com\/es\/wp-json\/wp\/v2\/media\/29554"}],"wp:attachment":[{"href":"https:\/\/www.kantersanimalhealth.com\/es\/wp-json\/wp\/v2\/media?parent=29921"}],"wp:term":[{"taxonomy":"category","embeddable":true,"href":"https:\/\/www.kantersanimalhealth.com\/es\/wp-json\/wp\/v2\/categories?post=29921"},{"taxonomy":"post_tag","embeddable":true,"href":"https:\/\/www.kantersanimalhealth.com\/es\/wp-json\/wp\/v2\/tags?post=29921"}],"curies":[{"name":"wp","href":"https:\/\/api.w.org\/{rel}","templated":true}]}}